{"id":5028,"date":"2025-06-13T07:49:47","date_gmt":"2025-06-13T05:49:47","guid":{"rendered":"http:\/\/sp52.betulait.pl\/?p=5028"},"modified":"2025-06-13T07:59:35","modified_gmt":"2025-06-13T05:59:35","slug":"spotkanie-ze-strazakiem","status":"publish","type":"post","link":"https:\/\/sp5.kwidzyn.pl\/?p=5028","title":{"rendered":"SPOTKANIE ZE STRA\u017bAKIEM."},"content":{"rendered":"\n<div class=\"wp-block-media-text has-media-on-the-right is-stacked-on-mobile\"><div class=\"wp-block-media-text__content\">\n<p>Dnia 8 maja 2025r. uczniowie klas 8a, 8b wraz z p. Natali\u0105 Po\u0142e\u0107 i p. Marlen\u0105 Olszewsk\u0105 uczestniczyli w spotkaniu ze stra\u017cakami ze&nbsp; Stra\u017cy Po\u017carnej w Kwidzynie.<\/p>\n<\/div><figure class=\"wp-block-media-text__media\"><img decoding=\"async\" src=\"https:\/\/sp5.kwidzyn.pl\/wp-content\/uploads\/2025\/05\/IMG-20250511-WA0082-578x1024.jpg\" alt=\"\" class=\"wp-image-5456 size-full\"\/><\/figure><\/div>\n\n\n\n<div class=\"wp-block-media-text is-stacked-on-mobile\"><figure class=\"wp-block-media-text__media\"><img decoding=\"async\" src=\"https:\/\/sp5.kwidzyn.pl\/wp-content\/uploads\/2025\/05\/IMG-20250511-WA0078-578x1024.jpg\" alt=\"\" class=\"wp-image-5452 size-full\"\/><\/figure><div class=\"wp-block-media-text__content\">\n<p>Tematem spotkania by\u0142o przybli\u017cenie uczniom na czym polega praca stra\u017caka. Poznali zadania i obowi\u0105zki nale\u017c\u0105ce do stra\u017cak\u00f3w oraz dowiedzieli si\u0119 jakie predyspozycje powinien posiada\u0107 kandydat na stra\u017caka.<\/p>\n<\/div><\/div>\n\n\n\n<div class=\"wp-block-media-text has-media-on-the-right is-stacked-on-mobile\"><div class=\"wp-block-media-text__content\">\n<p>Stra\u017cacy zademonstrowali zasady u\u017cywania sprz\u0119tu.<\/p>\n\n\n\n<p>Uczniowie mieli okazj\u0119 samodzielnie ubra\u0107 str\u00f3j stra\u017cacki oraz gasi\u0107 wod\u0105 &#8222;przeszkod\u0119.&#8221;<\/p>\n\n\n\n<p>#Edukacjadlabezpiecze\u0144stwa<\/p>\n\n\n\n<p>#SP5Kwidzyn<\/p>\n\n\n\n<p>#Stra\u017c<\/p>\n\n\n\n<p>#Ipomoc<\/p>\n\n\n\n<p>#Po\u017cary<\/p>\n<\/div><figure class=\"wp-block-media-text__media\"><img decoding=\"async\" src=\"https:\/\/sp5.kwidzyn.pl\/wp-content\/uploads\/2025\/05\/IMG-20250511-WA0093-768x1024.jpg\" alt=\"\" class=\"wp-image-5467 size-full\"\/><\/figure><\/div>\n\n\n\n<figure class=\"wp-block-gallery has-nested-images columns-default is-cropped wp-block-gallery-1 is-layout-flex wp-block-gallery-is-layout-flex\">\n<figure class=\"wp-block-image size-large\"><img decoding=\"async\" data-id=\"5450\" src=\"https:\/\/sp5.kwidzyn.pl\/wp-content\/uploads\/2025\/05\/IMG-20250511-WA0076-578x1024.jpg\" alt=\"\" class=\"wp-image-5450\"\/><\/figure>\n\n\n\n<figure class=\"wp-block-image size-large\"><img decoding=\"async\" data-id=\"5453\" src=\"https:\/\/sp5.kwidzyn.pl\/wp-content\/uploads\/2025\/05\/IMG-20250511-WA0079-1024x578.jpg\" alt=\"\" class=\"wp-image-5453\"\/><\/figure>\n\n\n\n<figure class=\"wp-block-image size-large\"><img decoding=\"async\" data-id=\"5454\" src=\"https:\/\/sp5.kwidzyn.pl\/wp-content\/uploads\/2025\/05\/IMG-20250511-WA0080-1024x578.jpg\" alt=\"\" class=\"wp-image-5454\"\/><\/figure>\n\n\n\n<figure class=\"wp-block-image size-large\"><img decoding=\"async\" data-id=\"5455\" src=\"https:\/\/sp5.kwidzyn.pl\/wp-content\/uploads\/2025\/05\/IMG-20250511-WA0081-578x1024.jpg\" alt=\"\" class=\"wp-image-5455\"\/><\/figure>\n\n\n\n<figure class=\"wp-block-image size-large\"><img decoding=\"async\" data-id=\"5457\" src=\"https:\/\/sp5.kwidzyn.pl\/wp-content\/uploads\/2025\/05\/IMG-20250511-WA0083-1024x578.jpg\" alt=\"\" class=\"wp-image-5457\"\/><\/figure>\n\n\n\n<figure class=\"wp-block-image size-large\"><img decoding=\"async\" data-id=\"5458\" src=\"https:\/\/sp5.kwidzyn.pl\/wp-content\/uploads\/2025\/05\/IMG-20250511-WA0084-1024x576.jpg\" alt=\"\" class=\"wp-image-5458\"\/><\/figure>\n\n\n\n<figure class=\"wp-block-image size-large\"><img decoding=\"async\" data-id=\"5459\" src=\"https:\/\/sp5.kwidzyn.pl\/wp-content\/uploads\/2025\/05\/IMG-20250511-WA0085-1024x578.jpg\" alt=\"\" class=\"wp-image-5459\"\/><\/figure>\n\n\n\n<figure class=\"wp-block-image size-large\"><img decoding=\"async\" data-id=\"5460\" src=\"https:\/\/sp5.kwidzyn.pl\/wp-content\/uploads\/2025\/05\/IMG-20250511-WA0086-1024x578.jpg\" alt=\"\" class=\"wp-image-5460\"\/><\/figure>\n\n\n\n<figure class=\"wp-block-image size-large\"><img decoding=\"async\" data-id=\"5461\" src=\"https:\/\/sp5.kwidzyn.pl\/wp-content\/uploads\/2025\/05\/IMG-20250511-WA0087-1024x578.jpg\" alt=\"\" class=\"wp-image-5461\"\/><\/figure>\n\n\n\n<figure class=\"wp-block-image size-large\"><img decoding=\"async\" data-id=\"5462\" src=\"https:\/\/sp5.kwidzyn.pl\/wp-content\/uploads\/2025\/05\/IMG-20250511-WA0088-1024x578.jpg\" alt=\"\" class=\"wp-image-5462\"\/><\/figure>\n\n\n\n<figure class=\"wp-block-image size-large\"><img decoding=\"async\" data-id=\"5463\" src=\"https:\/\/sp5.kwidzyn.pl\/wp-content\/uploads\/2025\/05\/IMG-20250511-WA0089-1024x578.jpg\" alt=\"\" class=\"wp-image-5463\"\/><\/figure>\n\n\n\n<figure class=\"wp-block-image size-large\"><img decoding=\"async\" data-id=\"5464\" src=\"https:\/\/sp5.kwidzyn.pl\/wp-content\/uploads\/2025\/05\/IMG-20250511-WA0090-1024x578.jpg\" alt=\"\" class=\"wp-image-5464\"\/><\/figure>\n\n\n\n<figure class=\"wp-block-image size-large\"><img decoding=\"async\" data-id=\"5465\" src=\"https:\/\/sp5.kwidzyn.pl\/wp-content\/uploads\/2025\/05\/IMG-20250511-WA0091-768x1024.jpg\" alt=\"\" class=\"wp-image-5465\"\/><\/figure>\n\n\n\n<figure class=\"wp-block-image size-large\"><img decoding=\"async\" data-id=\"5466\" src=\"https:\/\/sp5.kwidzyn.pl\/wp-content\/uploads\/2025\/05\/IMG-20250511-WA0092-768x1024.jpg\" alt=\"\" class=\"wp-image-5466\"\/><\/figure>\n<\/figure>\n","protected":false},"excerpt":{"rendered":"<p>Dnia 8 maja 2025r. uczniowie klas 8a, 8b wraz z p. Natali\u0105 Po\u0142e\u0107 i p. Marlen\u0105 Olszewsk\u0105 uczestniczyli w spotkaniu ze stra\u017cakami ze&nbsp; Stra\u017cy Po\u017carnej w Kwidzynie. Tematem spotkania by\u0142o przybli\u017cenie uczniom na czym polega praca stra\u017caka. Poznali zadania i obowi\u0105zki nale\u017c\u0105ce do stra\u017cak\u00f3w oraz dowiedzieli si\u0119 jakie predyspozycje powinien posiada\u0107 kandydat na stra\u017caka. Stra\u017cacy zademonstrowali zasady u\u017cywania sprz\u0119tu. Uczniowie mieli okazj\u0119 samodzielnie ubra\u0107 str\u00f3j stra\u017cacki oraz gasi\u0107 wod\u0105 &#8222;przeszkod\u0119.&#8221; #Edukacjadlabezpiecze\u0144stwa #SP5Kwidzyn #Stra\u017c #Ipomoc #Po\u017cary<\/p>\n","protected":false},"author":1,"featured_media":5041,"comment_status":"open","ping_status":"open","sticky":false,"template":"","format":"standard","meta":{"footnotes":""},"categories":[1],"tags":[],"class_list":["post-5028","post","type-post","status-publish","format-standard","has-post-thumbnail","hentry","category-blog"],"acf":[],"_links":{"self":[{"href":"https:\/\/sp5.kwidzyn.pl\/index.php?rest_route=\/wp\/v2\/posts\/5028","targetHints":{"allow":["GET"]}}],"collection":[{"href":"https:\/\/sp5.kwidzyn.pl\/index.php?rest_route=\/wp\/v2\/posts"}],"about":[{"href":"https:\/\/sp5.kwidzyn.pl\/index.php?rest_route=\/wp\/v2\/types\/post"}],"author":[{"embeddable":true,"href":"https:\/\/sp5.kwidzyn.pl\/index.php?rest_route=\/wp\/v2\/users\/1"}],"replies":[{"embeddable":true,"href":"https:\/\/sp5.kwidzyn.pl\/index.php?rest_route=%2Fwp%2Fv2%2Fcomments&post=5028"}],"version-history":[{"count":1,"href":"https:\/\/sp5.kwidzyn.pl\/index.php?rest_route=\/wp\/v2\/posts\/5028\/revisions"}],"predecessor-version":[{"id":5029,"href":"https:\/\/sp5.kwidzyn.pl\/index.php?rest_route=\/wp\/v2\/posts\/5028\/revisions\/5029"}],"wp:featuredmedia":[{"embeddable":true,"href":"https:\/\/sp5.kwidzyn.pl\/index.php?rest_route=\/wp\/v2\/media\/5041"}],"wp:attachment":[{"href":"https:\/\/sp5.kwidzyn.pl\/index.php?rest_route=%2Fwp%2Fv2%2Fmedia&parent=5028"}],"wp:term":[{"taxonomy":"category","embeddable":true,"href":"https:\/\/sp5.kwidzyn.pl\/index.php?rest_route=%2Fwp%2Fv2%2Fcategories&post=5028"},{"taxonomy":"post_tag","embeddable":true,"href":"https:\/\/sp5.kwidzyn.pl\/index.php?rest_route=%2Fwp%2Fv2%2Ftags&post=5028"}],"curies":[{"name":"wp","href":"https:\/\/api.w.org\/{rel}","templated":true}]}}