{"id":5026,"date":"2025-06-13T07:49:10","date_gmt":"2025-06-13T05:49:10","guid":{"rendered":"http:\/\/sp52.betulait.pl\/?p=5026"},"modified":"2025-06-13T07:59:53","modified_gmt":"2025-06-13T05:59:53","slug":"mtb-pomerania-maraton","status":"publish","type":"post","link":"https:\/\/sp5.kwidzyn.pl\/?p=5026","title":{"rendered":"MTB POMERANIA MARATON"},"content":{"rendered":"\n<p>W dniu 13.04.25 r. &nbsp;odby\u0142 si\u0119 wy\u015bcig kolarski <strong>MTB Pomerania Maraton<\/strong><\/p>\n\n\n\n<p>w Kwidzynie na Terenach Rekreacyjno-Wypoczynkowych \u201eMi\u0142osna\u201d, w kt\u00f3rym udzia\u0142 bra\u0142a reprezentacja SP 5 w sk\u0142adzie: Zofia G\u00f3ralczyk, Aurelia Pow\u0119ska, Zuzanna Topolska, Kornel Kochanowski,&nbsp; Fabian Olkowicz, Maksymilian Mokwa (uczniowie kl. 4c) pod opiek\u0105 nauczyciela wychowania fizycznego Grzegorza Obia\u0142y .<\/p>\n\n\n\n<figure class=\"wp-block-gallery has-nested-images columns-default is-cropped wp-block-gallery-1 is-layout-flex wp-block-gallery-is-layout-flex\">\n<figure class=\"wp-block-image size-large\"><img decoding=\"async\" data-id=\"5077\" src=\"https:\/\/sp5.kwidzyn.pl\/wp-content\/uploads\/2025\/04\/IMG-20250415-WA0004-1024x768.jpg\" alt=\"\" class=\"wp-image-5077\"\/><\/figure>\n\n\n\n<figure class=\"wp-block-image size-large\"><img decoding=\"async\" data-id=\"5076\" src=\"https:\/\/sp5.kwidzyn.pl\/wp-content\/uploads\/2025\/04\/IMG-20250415-WA0005-1024x768.jpg\" alt=\"\" class=\"wp-image-5076\"\/><\/figure>\n\n\n\n<figure class=\"wp-block-image size-large\"><img decoding=\"async\" data-id=\"5078\" src=\"https:\/\/sp5.kwidzyn.pl\/wp-content\/uploads\/2025\/04\/IMG-20250415-WA0006-1024x768.jpg\" alt=\"\" class=\"wp-image-5078\"\/><\/figure>\n\n\n\n<figure class=\"wp-block-image size-large\"><img decoding=\"async\" data-id=\"5079\" src=\"https:\/\/sp5.kwidzyn.pl\/wp-content\/uploads\/2025\/04\/IMG-20250415-WA0007-1024x768.jpg\" alt=\"\" class=\"wp-image-5079\"\/><\/figure>\n\n\n\n<figure class=\"wp-block-image size-large\"><img decoding=\"async\" data-id=\"5080\" src=\"https:\/\/sp5.kwidzyn.pl\/wp-content\/uploads\/2025\/04\/IMG-20250415-WA0008-1024x768.jpg\" alt=\"\" class=\"wp-image-5080\"\/><\/figure>\n\n\n\n<figure class=\"wp-block-image size-large\"><img decoding=\"async\" data-id=\"5081\" src=\"https:\/\/sp5.kwidzyn.pl\/wp-content\/uploads\/2025\/04\/IMG-20250415-WA0009-1024x768.jpg\" alt=\"\" class=\"wp-image-5081\"\/><\/figure>\n\n\n\n<figure class=\"wp-block-image size-large\"><img decoding=\"async\" data-id=\"5082\" src=\"https:\/\/sp5.kwidzyn.pl\/wp-content\/uploads\/2025\/04\/IMG-20250415-WA0010-768x1024.jpg\" alt=\"\" class=\"wp-image-5082\"\/><\/figure>\n\n\n\n<figure class=\"wp-block-image size-large\"><img decoding=\"async\" data-id=\"5085\" src=\"https:\/\/sp5.kwidzyn.pl\/wp-content\/uploads\/2025\/04\/IMG-20250415-WA0011-1024x768.jpg\" alt=\"\" class=\"wp-image-5085\"\/><\/figure>\n\n\n\n<figure class=\"wp-block-image size-large\"><img decoding=\"async\" data-id=\"5084\" src=\"https:\/\/sp5.kwidzyn.pl\/wp-content\/uploads\/2025\/04\/IMG-20250415-WA0012-1024x768.jpg\" alt=\"\" class=\"wp-image-5084\"\/><\/figure>\n\n\n\n<figure class=\"wp-block-image size-large\"><img decoding=\"async\" data-id=\"5083\" src=\"https:\/\/sp5.kwidzyn.pl\/wp-content\/uploads\/2025\/04\/IMG-20250415-WA0013-1024x768.jpg\" alt=\"\" class=\"wp-image-5083\"\/><\/figure>\n\n\n\n<figure class=\"wp-block-image size-large\"><img decoding=\"async\" data-id=\"5087\" src=\"https:\/\/sp5.kwidzyn.pl\/wp-content\/uploads\/2025\/04\/IMG-20250415-WA0014-1024x768.jpg\" alt=\"\" class=\"wp-image-5087\"\/><\/figure>\n\n\n\n<figure class=\"wp-block-image size-large\"><img decoding=\"async\" data-id=\"5088\" src=\"https:\/\/sp5.kwidzyn.pl\/wp-content\/uploads\/2025\/04\/IMG-20250415-WA0015-1024x768.jpg\" alt=\"\" class=\"wp-image-5088\"\/><\/figure>\n\n\n\n<figure class=\"wp-block-image size-large\"><img decoding=\"async\" data-id=\"5086\" src=\"https:\/\/sp5.kwidzyn.pl\/wp-content\/uploads\/2025\/04\/IMG-20250415-WA0016-1024x768.jpg\" alt=\"\" class=\"wp-image-5086\"\/><\/figure>\n\n\n\n<figure class=\"wp-block-image size-large\"><img decoding=\"async\" data-id=\"5091\" src=\"https:\/\/sp5.kwidzyn.pl\/wp-content\/uploads\/2025\/04\/IMG-20250415-WA0017-1-1024x768.jpg\" alt=\"\" class=\"wp-image-5091\"\/><\/figure>\n\n\n\n<figure class=\"wp-block-image size-large\"><img decoding=\"async\" data-id=\"5089\" src=\"https:\/\/sp5.kwidzyn.pl\/wp-content\/uploads\/2025\/04\/IMG-20250415-WA0018-1024x768.jpg\" alt=\"\" class=\"wp-image-5089\"\/><\/figure>\n\n\n\n<figure class=\"wp-block-image size-large\"><img decoding=\"async\" data-id=\"5092\" src=\"https:\/\/sp5.kwidzyn.pl\/wp-content\/uploads\/2025\/04\/IMG-20250415-WA0019-1024x768.jpg\" alt=\"\" class=\"wp-image-5092\"\/><\/figure>\n\n\n\n<figure class=\"wp-block-image size-large\"><img decoding=\"async\" data-id=\"5090\" src=\"https:\/\/sp5.kwidzyn.pl\/wp-content\/uploads\/2025\/04\/IMG-20250415-WA0020-1024x768.jpg\" alt=\"\" class=\"wp-image-5090\"\/><\/figure>\n\n\n\n<figure class=\"wp-block-image size-large\"><img decoding=\"async\" data-id=\"5094\" src=\"https:\/\/sp5.kwidzyn.pl\/wp-content\/uploads\/2025\/04\/IMG-20250415-WA0021-1024x768.jpg\" alt=\"\" class=\"wp-image-5094\"\/><\/figure>\n\n\n\n<figure class=\"wp-block-image size-large\"><img decoding=\"async\" data-id=\"5095\" src=\"https:\/\/sp5.kwidzyn.pl\/wp-content\/uploads\/2025\/04\/IMG-20250415-WA0022-1024x768.jpg\" alt=\"\" class=\"wp-image-5095\"\/><\/figure>\n\n\n\n<figure class=\"wp-block-image size-large\"><img decoding=\"async\" data-id=\"5093\" src=\"https:\/\/sp5.kwidzyn.pl\/wp-content\/uploads\/2025\/04\/IMG-20250415-WA0023-1024x768.jpg\" alt=\"\" class=\"wp-image-5093\"\/><\/figure>\n<\/figure>\n","protected":false},"excerpt":{"rendered":"<p>W dniu 13.04.25 r. &nbsp;odby\u0142 si\u0119 wy\u015bcig kolarski MTB Pomerania Maraton w Kwidzynie na Terenach Rekreacyjno-Wypoczynkowych \u201eMi\u0142osna\u201d, w kt\u00f3rym udzia\u0142 bra\u0142a reprezentacja SP 5 w sk\u0142adzie: Zofia G\u00f3ralczyk, Aurelia Pow\u0119ska, Zuzanna Topolska, Kornel Kochanowski,&nbsp; Fabian Olkowicz, Maksymilian Mokwa (uczniowie kl. 4c) pod opiek\u0105 nauczyciela wychowania fizycznego Grzegorza Obia\u0142y .<\/p>\n","protected":false},"author":1,"featured_media":5042,"comment_status":"open","ping_status":"open","sticky":false,"template":"","format":"standard","meta":{"footnotes":""},"categories":[1],"tags":[],"class_list":["post-5026","post","type-post","status-publish","format-standard","has-post-thumbnail","hentry","category-blog"],"acf":[],"_links":{"self":[{"href":"https:\/\/sp5.kwidzyn.pl\/index.php?rest_route=\/wp\/v2\/posts\/5026","targetHints":{"allow":["GET"]}}],"collection":[{"href":"https:\/\/sp5.kwidzyn.pl\/index.php?rest_route=\/wp\/v2\/posts"}],"about":[{"href":"https:\/\/sp5.kwidzyn.pl\/index.php?rest_route=\/wp\/v2\/types\/post"}],"author":[{"embeddable":true,"href":"https:\/\/sp5.kwidzyn.pl\/index.php?rest_route=\/wp\/v2\/users\/1"}],"replies":[{"embeddable":true,"href":"https:\/\/sp5.kwidzyn.pl\/index.php?rest_route=%2Fwp%2Fv2%2Fcomments&post=5026"}],"version-history":[{"count":1,"href":"https:\/\/sp5.kwidzyn.pl\/index.php?rest_route=\/wp\/v2\/posts\/5026\/revisions"}],"predecessor-version":[{"id":5027,"href":"https:\/\/sp5.kwidzyn.pl\/index.php?rest_route=\/wp\/v2\/posts\/5026\/revisions\/5027"}],"wp:featuredmedia":[{"embeddable":true,"href":"https:\/\/sp5.kwidzyn.pl\/index.php?rest_route=\/wp\/v2\/media\/5042"}],"wp:attachment":[{"href":"https:\/\/sp5.kwidzyn.pl\/index.php?rest_route=%2Fwp%2Fv2%2Fmedia&parent=5026"}],"wp:term":[{"taxonomy":"category","embeddable":true,"href":"https:\/\/sp5.kwidzyn.pl\/index.php?rest_route=%2Fwp%2Fv2%2Fcategories&post=5026"},{"taxonomy":"post_tag","embeddable":true,"href":"https:\/\/sp5.kwidzyn.pl\/index.php?rest_route=%2Fwp%2Fv2%2Ftags&post=5026"}],"curies":[{"name":"wp","href":"https:\/\/api.w.org\/{rel}","templated":true}]}}