{"id":5024,"date":"2025-06-13T07:48:46","date_gmt":"2025-06-13T05:48:46","guid":{"rendered":"http:\/\/sp52.betulait.pl\/?p=5024"},"modified":"2025-06-13T08:00:25","modified_gmt":"2025-06-13T06:00:25","slug":"letnia-rezydencja-komtura","status":"publish","type":"post","link":"https:\/\/sp5.kwidzyn.pl\/?p=5024","title":{"rendered":"LETNIA REZYDENCJA KOMTURA"},"content":{"rendered":"\n<p>Wiosenne spotkanie w Muzeum Zamkowym w Sztumie. 4 kwietnia uczniowie klasy 4b i 4a&nbsp; wraz z opiekunami p. M. Kapu\u015bci\u0144sk\u0105, Po J. Szumowskim i p. R. Schodowskim udali si\u0119&nbsp; poci\u0105giem na wycieczk\u0119 do Sztumu.&nbsp; Podczas zaj\u0119\u0107 dowiedzieli\u015bmy si\u0119, ile metr\u00f3w ma najwy\u017csza palemka wielkanocna i czy na zamku obchodzono Wielkanoc. Wykonali\u015bmy wielkanocne palemki. Nast\u0119pnie udali\u015bmy si\u0119 na spotkanie z w\u00f3jtem krzy\u017cackim. My ju\u017c wiemy, czy krzy\u017cak m\u00f3g\u0142 zaprasza\u0107 go\u015bci, co jad\u0142. A na zako\u0144czenie zaj\u0119\u0107 odtworzyli\u015bmy pierwotny uk\u0142ad sztumskiego zamku.<\/p>\n\n\n\n<figure class=\"wp-block-gallery has-nested-images columns-default is-cropped wp-block-gallery-1 is-layout-flex wp-block-gallery-is-layout-flex\">\n<figure class=\"wp-block-image size-large\"><img decoding=\"async\" data-id=\"5062\" src=\"https:\/\/sp5.kwidzyn.pl\/wp-content\/uploads\/2025\/04\/IMG-20250408-WA0006-1024x768.jpg\" alt=\"\" class=\"wp-image-5062\"\/><\/figure>\n\n\n\n<figure class=\"wp-block-image size-large\"><img decoding=\"async\" data-id=\"5063\" src=\"https:\/\/sp5.kwidzyn.pl\/wp-content\/uploads\/2025\/04\/IMG-20250408-WA0007-1024x768.jpg\" alt=\"\" class=\"wp-image-5063\"\/><\/figure>\n\n\n\n<figure class=\"wp-block-image size-large\"><img decoding=\"async\" data-id=\"5064\" src=\"https:\/\/sp5.kwidzyn.pl\/wp-content\/uploads\/2025\/04\/IMG-20250408-WA0008-1024x768.jpg\" alt=\"\" class=\"wp-image-5064\"\/><\/figure>\n<\/figure>\n","protected":false},"excerpt":{"rendered":"<p>Wiosenne spotkanie w Muzeum Zamkowym w Sztumie. 4 kwietnia uczniowie klasy 4b i 4a&nbsp; wraz z opiekunami p. M. Kapu\u015bci\u0144sk\u0105, Po J. Szumowskim i p. R. Schodowskim udali si\u0119&nbsp; poci\u0105giem na wycieczk\u0119 do Sztumu.&nbsp; Podczas zaj\u0119\u0107 dowiedzieli\u015bmy si\u0119, ile metr\u00f3w ma najwy\u017csza palemka wielkanocna i czy na zamku obchodzono Wielkanoc. Wykonali\u015bmy wielkanocne palemki. Nast\u0119pnie udali\u015bmy si\u0119 na spotkanie z w\u00f3jtem krzy\u017cackim. My ju\u017c wiemy, czy krzy\u017cak m\u00f3g\u0142 zaprasza\u0107 go\u015bci, co jad\u0142. A na zako\u0144czenie zaj\u0119\u0107 odtworzyli\u015bmy pierwotny uk\u0142ad sztumskiego zamku.<\/p>\n","protected":false},"author":1,"featured_media":5043,"comment_status":"open","ping_status":"open","sticky":false,"template":"","format":"standard","meta":{"footnotes":""},"categories":[1],"tags":[],"class_list":["post-5024","post","type-post","status-publish","format-standard","has-post-thumbnail","hentry","category-blog"],"acf":[],"_links":{"self":[{"href":"https:\/\/sp5.kwidzyn.pl\/index.php?rest_route=\/wp\/v2\/posts\/5024","targetHints":{"allow":["GET"]}}],"collection":[{"href":"https:\/\/sp5.kwidzyn.pl\/index.php?rest_route=\/wp\/v2\/posts"}],"about":[{"href":"https:\/\/sp5.kwidzyn.pl\/index.php?rest_route=\/wp\/v2\/types\/post"}],"author":[{"embeddable":true,"href":"https:\/\/sp5.kwidzyn.pl\/index.php?rest_route=\/wp\/v2\/users\/1"}],"replies":[{"embeddable":true,"href":"https:\/\/sp5.kwidzyn.pl\/index.php?rest_route=%2Fwp%2Fv2%2Fcomments&post=5024"}],"version-history":[{"count":1,"href":"https:\/\/sp5.kwidzyn.pl\/index.php?rest_route=\/wp\/v2\/posts\/5024\/revisions"}],"predecessor-version":[{"id":5025,"href":"https:\/\/sp5.kwidzyn.pl\/index.php?rest_route=\/wp\/v2\/posts\/5024\/revisions\/5025"}],"wp:featuredmedia":[{"embeddable":true,"href":"https:\/\/sp5.kwidzyn.pl\/index.php?rest_route=\/wp\/v2\/media\/5043"}],"wp:attachment":[{"href":"https:\/\/sp5.kwidzyn.pl\/index.php?rest_route=%2Fwp%2Fv2%2Fmedia&parent=5024"}],"wp:term":[{"taxonomy":"category","embeddable":true,"href":"https:\/\/sp5.kwidzyn.pl\/index.php?rest_route=%2Fwp%2Fv2%2Fcategories&post=5024"},{"taxonomy":"post_tag","embeddable":true,"href":"https:\/\/sp5.kwidzyn.pl\/index.php?rest_route=%2Fwp%2Fv2%2Ftags&post=5024"}],"curies":[{"name":"wp","href":"https:\/\/api.w.org\/{rel}","templated":true}]}}