{"id":5020,"date":"2025-06-13T07:47:55","date_gmt":"2025-06-13T05:47:55","guid":{"rendered":"http:\/\/sp52.betulait.pl\/?p=5020"},"modified":"2025-06-13T08:01:12","modified_gmt":"2025-06-13T06:01:12","slug":"nasi-uczniowie-na-spotkaniu-z-pisarka-dorota-combrzynska-nogala","status":"publish","type":"post","link":"https:\/\/sp5.kwidzyn.pl\/?p=5020","title":{"rendered":"Nasi uczniowie na spotkaniu z pisark\u0105 Dorot\u0105 Combrzy\u0144sk\u0105-Nogala."},"content":{"rendered":"\n<p>Podczas XII Powiatowego Konkursu Czytelniczego&#8221; Czy znasz powie\u015bci Doroty Combrzy\u0144skiej-Nogali&#8221; pisarka opowiada\u0142a o genezie swoich utwor\u00f3w, o dorastaniu dzieci podczas II wojny \u015bwiatowej. Nast\u0119pnie uczniowie rozwi\u0105zywali test z znajomo\u015bci tre\u015bci utwor\u00f3w.&nbsp; Kaya Kami\u0144ska zdoby\u0142a 5. miejsce a pozostali uczniowie wyr\u00f3\u017cnienie. <\/p>\n\n\n\n<p>Gratulujemy uczniom.<\/p>\n\n\n\n<figure class=\"wp-block-gallery has-nested-images columns-default is-cropped wp-block-gallery-1 is-layout-flex wp-block-gallery-is-layout-flex\">\n<figure class=\"wp-block-image size-large\"><img decoding=\"async\" data-id=\"5067\" src=\"https:\/\/sp5.kwidzyn.pl\/wp-content\/uploads\/2025\/04\/IMG-20250405-WA0001-1024x576.jpg\" alt=\"\" class=\"wp-image-5067\"\/><\/figure>\n\n\n\n<figure class=\"wp-block-image size-large\"><img decoding=\"async\" data-id=\"5068\" src=\"https:\/\/sp5.kwidzyn.pl\/wp-content\/uploads\/2025\/04\/IMG-20250405-WA0002-1024x576.jpg\" alt=\"\" class=\"wp-image-5068\"\/><\/figure>\n\n\n\n<figure class=\"wp-block-image size-large\"><img decoding=\"async\" data-id=\"5069\" src=\"https:\/\/sp5.kwidzyn.pl\/wp-content\/uploads\/2025\/04\/IMG-20250405-WA0003-1024x576.jpg\" alt=\"\" class=\"wp-image-5069\"\/><\/figure>\n\n\n\n<figure class=\"wp-block-image size-large\"><img decoding=\"async\" data-id=\"5070\" src=\"https:\/\/sp5.kwidzyn.pl\/wp-content\/uploads\/2025\/04\/IMG-20250405-WA0004-1024x576.jpg\" alt=\"\" class=\"wp-image-5070\"\/><\/figure>\n\n\n\n<figure class=\"wp-block-image size-large\"><img decoding=\"async\" data-id=\"5072\" src=\"https:\/\/sp5.kwidzyn.pl\/wp-content\/uploads\/2025\/04\/IMG-20250405-WA0005-1024x576.jpg\" alt=\"\" class=\"wp-image-5072\"\/><\/figure>\n\n\n\n<figure class=\"wp-block-image size-large\"><img decoding=\"async\" data-id=\"5071\" src=\"https:\/\/sp5.kwidzyn.pl\/wp-content\/uploads\/2025\/04\/IMG-20250405-WA0006-576x1024.jpg\" alt=\"\" class=\"wp-image-5071\"\/><\/figure>\n<\/figure>\n","protected":false},"excerpt":{"rendered":"<p>Podczas XII Powiatowego Konkursu Czytelniczego&#8221; Czy znasz powie\u015bci Doroty Combrzy\u0144skiej-Nogali&#8221; pisarka opowiada\u0142a o genezie swoich utwor\u00f3w, o dorastaniu dzieci podczas II wojny \u015bwiatowej. Nast\u0119pnie uczniowie rozwi\u0105zywali test z znajomo\u015bci tre\u015bci utwor\u00f3w.&nbsp; Kaya Kami\u0144ska zdoby\u0142a 5. miejsce a pozostali uczniowie wyr\u00f3\u017cnienie. Gratulujemy uczniom.<\/p>\n","protected":false},"author":1,"featured_media":5045,"comment_status":"open","ping_status":"open","sticky":false,"template":"","format":"standard","meta":{"footnotes":""},"categories":[1],"tags":[],"class_list":["post-5020","post","type-post","status-publish","format-standard","has-post-thumbnail","hentry","category-blog"],"acf":[],"_links":{"self":[{"href":"https:\/\/sp5.kwidzyn.pl\/index.php?rest_route=\/wp\/v2\/posts\/5020","targetHints":{"allow":["GET"]}}],"collection":[{"href":"https:\/\/sp5.kwidzyn.pl\/index.php?rest_route=\/wp\/v2\/posts"}],"about":[{"href":"https:\/\/sp5.kwidzyn.pl\/index.php?rest_route=\/wp\/v2\/types\/post"}],"author":[{"embeddable":true,"href":"https:\/\/sp5.kwidzyn.pl\/index.php?rest_route=\/wp\/v2\/users\/1"}],"replies":[{"embeddable":true,"href":"https:\/\/sp5.kwidzyn.pl\/index.php?rest_route=%2Fwp%2Fv2%2Fcomments&post=5020"}],"version-history":[{"count":1,"href":"https:\/\/sp5.kwidzyn.pl\/index.php?rest_route=\/wp\/v2\/posts\/5020\/revisions"}],"predecessor-version":[{"id":5021,"href":"https:\/\/sp5.kwidzyn.pl\/index.php?rest_route=\/wp\/v2\/posts\/5020\/revisions\/5021"}],"wp:featuredmedia":[{"embeddable":true,"href":"https:\/\/sp5.kwidzyn.pl\/index.php?rest_route=\/wp\/v2\/media\/5045"}],"wp:attachment":[{"href":"https:\/\/sp5.kwidzyn.pl\/index.php?rest_route=%2Fwp%2Fv2%2Fmedia&parent=5020"}],"wp:term":[{"taxonomy":"category","embeddable":true,"href":"https:\/\/sp5.kwidzyn.pl\/index.php?rest_route=%2Fwp%2Fv2%2Fcategories&post=5020"},{"taxonomy":"post_tag","embeddable":true,"href":"https:\/\/sp5.kwidzyn.pl\/index.php?rest_route=%2Fwp%2Fv2%2Ftags&post=5020"}],"curies":[{"name":"wp","href":"https:\/\/api.w.org\/{rel}","templated":true}]}}