{"id":4555,"date":"2024-11-11T12:20:13","date_gmt":"2024-11-11T11:20:13","guid":{"rendered":"http:\/\/sp52.betulait.pl\/?p=4555"},"modified":"2024-11-17T12:40:21","modified_gmt":"2024-11-17T11:40:21","slug":"narodowe-swieto-niepodleglosci","status":"publish","type":"post","link":"https:\/\/sp5.kwidzyn.pl\/?p=4555","title":{"rendered":"Narodowe \u015awi\u0119to Niepodleg\u0142o\u015bci"},"content":{"rendered":"\n<div class=\"wp-block-media-text has-media-on-the-right is-stacked-on-mobile\"><div class=\"wp-block-media-text__content\">\n<p>Uroczysty apel z okazji 11 Listopada &#8211; \u015awi\u0119ta Niepodleg\u0142o\u015bci w Szkole Podstawowej nr 5 w Kwidzynie rozpocz\u0119to od wys\u0142uchania piosenki o fladze. Nast\u0119pnie prowadz\u0105cy \u2013 Maja Nielepko i Piotr Lipiak przypomnieli wszystkim o pochodzeniu i znaczeniu polskich symboli narodowych. Kolejnym punktem akademii by\u0142a kr\u00f3tka inscenizacja, w kt\u00f3rej pojawi\u0142o si\u0119 bardzo wa\u017cne dla ka\u017cdego Polaka pytanie \u2013 Czym dla Ciebie jest Ojczyzna?<\/p>\n<\/div><figure class=\"wp-block-media-text__media\"><img decoding=\"async\" src=\"http:\/\/sp52.betulait.pl\/wp-content\/uploads\/2024\/11\/DSC_0939-1024x685.jpg\" alt=\"\" class=\"wp-image-4556 size-full\"\/><\/figure><\/div>\n\n\n\n<div class=\"wp-block-media-text is-stacked-on-mobile\"><figure class=\"wp-block-media-text__media\"><img decoding=\"async\" src=\"http:\/\/sp52.betulait.pl\/wp-content\/uploads\/2024\/11\/DSC_0940-1024x685.jpg\" alt=\"\" class=\"wp-image-4557 size-full\"\/><\/figure><div class=\"wp-block-media-text__content\">\n<p>Wszyscy dumnie od\u015bpiewali hymn narodowy. Ka\u017cda klasa przygotowa\u0142a na ten dzie\u0144 kotyliony, dzi\u0119ki kt\u00f3rym ka\u017cdy m\u00f3g\u0142 poczu\u0107 dum\u0119, \u017ce jest Polakiem i, \u017ce mo\u017ce \u017cy\u0107 w wolnym kraju.\u00a0<\/p>\n<\/div><\/div>\n\n\n\n<div class=\"wp-block-media-text has-media-on-the-right is-stacked-on-mobile\"><div class=\"wp-block-media-text__content\">\n<p>Obchody 11 listopada przypominaj\u0105, jak d\u0142ug\u0105 i pe\u0142n\u0105 wyzwa\u0144 drog\u0119 przeszli nasi przodkowie, aby Polska mog\u0142a odzyska\u0107 niepodleg\u0142o\u015b\u0107. To dzie\u0144, kt\u00f3ry sk\u0142ania do refleksji nad cen\u0105 wolno\u015bci oraz nad tym, jak istotne jest budowanie to\u017csamo\u015bci narodowej.<\/p>\n<\/div><figure class=\"wp-block-media-text__media\"><img decoding=\"async\" src=\"http:\/\/sp52.betulait.pl\/wp-content\/uploads\/2024\/11\/DSC_0923-1024x685.jpg\" alt=\"\" class=\"wp-image-4558 size-full\"\/><\/figure><\/div>\n\n\n\n<figure class=\"wp-block-gallery has-nested-images columns-default is-cropped wp-block-gallery-1 is-layout-flex wp-block-gallery-is-layout-flex\">\n<figure class=\"wp-block-image size-large\"><img fetchpriority=\"high\" decoding=\"async\" width=\"685\" height=\"1024\" data-id=\"4602\" src=\"http:\/\/sp52.betulait.pl\/wp-content\/uploads\/2024\/11\/DSC_0942-685x1024.jpg\" alt=\"\" class=\"wp-image-4602\" srcset=\"https:\/\/sp5.kwidzyn.pl\/wp-content\/uploads\/2024\/11\/DSC_0942-685x1024.jpg 685w, https:\/\/sp5.kwidzyn.pl\/wp-content\/uploads\/2024\/11\/DSC_0942-201x300.jpg 201w, https:\/\/sp5.kwidzyn.pl\/wp-content\/uploads\/2024\/11\/DSC_0942-768x1147.jpg 768w, https:\/\/sp5.kwidzyn.pl\/wp-content\/uploads\/2024\/11\/DSC_0942-1028x1536.jpg 1028w, https:\/\/sp5.kwidzyn.pl\/wp-content\/uploads\/2024\/11\/DSC_0942-1371x2048.jpg 1371w, https:\/\/sp5.kwidzyn.pl\/wp-content\/uploads\/2024\/11\/DSC_0942-scaled.jpg 1714w\" sizes=\"(max-width: 685px) 100vw, 685px\" \/><\/figure>\n\n\n\n<figure class=\"wp-block-image size-large\"><img decoding=\"async\" width=\"685\" height=\"1024\" data-id=\"4601\" src=\"http:\/\/sp52.betulait.pl\/wp-content\/uploads\/2024\/11\/DSC_0941-685x1024.jpg\" alt=\"\" class=\"wp-image-4601\" srcset=\"https:\/\/sp5.kwidzyn.pl\/wp-content\/uploads\/2024\/11\/DSC_0941-685x1024.jpg 685w, https:\/\/sp5.kwidzyn.pl\/wp-content\/uploads\/2024\/11\/DSC_0941-201x300.jpg 201w, https:\/\/sp5.kwidzyn.pl\/wp-content\/uploads\/2024\/11\/DSC_0941-768x1147.jpg 768w, https:\/\/sp5.kwidzyn.pl\/wp-content\/uploads\/2024\/11\/DSC_0941-1028x1536.jpg 1028w, https:\/\/sp5.kwidzyn.pl\/wp-content\/uploads\/2024\/11\/DSC_0941-1371x2048.jpg 1371w, https:\/\/sp5.kwidzyn.pl\/wp-content\/uploads\/2024\/11\/DSC_0941-scaled.jpg 1714w\" sizes=\"(max-width: 685px) 100vw, 685px\" \/><\/figure>\n\n\n\n<figure class=\"wp-block-image size-large\"><img decoding=\"async\" width=\"685\" height=\"1024\" data-id=\"4597\" src=\"http:\/\/sp52.betulait.pl\/wp-content\/uploads\/2024\/11\/DSC_0937-685x1024.jpg\" alt=\"\" class=\"wp-image-4597\" srcset=\"https:\/\/sp5.kwidzyn.pl\/wp-content\/uploads\/2024\/11\/DSC_0937-685x1024.jpg 685w, https:\/\/sp5.kwidzyn.pl\/wp-content\/uploads\/2024\/11\/DSC_0937-201x300.jpg 201w, https:\/\/sp5.kwidzyn.pl\/wp-content\/uploads\/2024\/11\/DSC_0937-768x1147.jpg 768w, https:\/\/sp5.kwidzyn.pl\/wp-content\/uploads\/2024\/11\/DSC_0937-1028x1536.jpg 1028w, https:\/\/sp5.kwidzyn.pl\/wp-content\/uploads\/2024\/11\/DSC_0937-1371x2048.jpg 1371w, https:\/\/sp5.kwidzyn.pl\/wp-content\/uploads\/2024\/11\/DSC_0937-scaled.jpg 1714w\" sizes=\"(max-width: 685px) 100vw, 685px\" \/><\/figure>\n\n\n\n<figure class=\"wp-block-image size-large\"><img loading=\"lazy\" decoding=\"async\" width=\"685\" height=\"1024\" data-id=\"4592\" src=\"http:\/\/sp52.betulait.pl\/wp-content\/uploads\/2024\/11\/DSC_0927-685x1024.jpg\" alt=\"\" class=\"wp-image-4592\" srcset=\"https:\/\/sp5.kwidzyn.pl\/wp-content\/uploads\/2024\/11\/DSC_0927-685x1024.jpg 685w, https:\/\/sp5.kwidzyn.pl\/wp-content\/uploads\/2024\/11\/DSC_0927-201x300.jpg 201w, https:\/\/sp5.kwidzyn.pl\/wp-content\/uploads\/2024\/11\/DSC_0927-768x1147.jpg 768w, https:\/\/sp5.kwidzyn.pl\/wp-content\/uploads\/2024\/11\/DSC_0927-1028x1536.jpg 1028w, https:\/\/sp5.kwidzyn.pl\/wp-content\/uploads\/2024\/11\/DSC_0927-1371x2048.jpg 1371w, https:\/\/sp5.kwidzyn.pl\/wp-content\/uploads\/2024\/11\/DSC_0927-scaled.jpg 1714w\" sizes=\"(max-width: 685px) 100vw, 685px\" \/><\/figure>\n\n\n\n<figure class=\"wp-block-image size-large\"><img loading=\"lazy\" decoding=\"async\" width=\"1024\" height=\"685\" data-id=\"4605\" src=\"http:\/\/sp52.betulait.pl\/wp-content\/uploads\/2024\/11\/DSC_0947-1024x685.jpg\" alt=\"\" class=\"wp-image-4605\" srcset=\"https:\/\/sp5.kwidzyn.pl\/wp-content\/uploads\/2024\/11\/DSC_0947-1024x685.jpg 1024w, https:\/\/sp5.kwidzyn.pl\/wp-content\/uploads\/2024\/11\/DSC_0947-300x201.jpg 300w, https:\/\/sp5.kwidzyn.pl\/wp-content\/uploads\/2024\/11\/DSC_0947-768x514.jpg 768w, https:\/\/sp5.kwidzyn.pl\/wp-content\/uploads\/2024\/11\/DSC_0947-1536x1028.jpg 1536w, https:\/\/sp5.kwidzyn.pl\/wp-content\/uploads\/2024\/11\/DSC_0947-2048x1371.jpg 2048w\" sizes=\"(max-width: 1024px) 100vw, 1024px\" \/><\/figure>\n\n\n\n<figure class=\"wp-block-image size-large\"><img loading=\"lazy\" decoding=\"async\" width=\"685\" height=\"1024\" data-id=\"4604\" src=\"http:\/\/sp52.betulait.pl\/wp-content\/uploads\/2024\/11\/DSC_0945-685x1024.jpg\" alt=\"\" class=\"wp-image-4604\" srcset=\"https:\/\/sp5.kwidzyn.pl\/wp-content\/uploads\/2024\/11\/DSC_0945-685x1024.jpg 685w, https:\/\/sp5.kwidzyn.pl\/wp-content\/uploads\/2024\/11\/DSC_0945-201x300.jpg 201w, https:\/\/sp5.kwidzyn.pl\/wp-content\/uploads\/2024\/11\/DSC_0945-768x1147.jpg 768w, https:\/\/sp5.kwidzyn.pl\/wp-content\/uploads\/2024\/11\/DSC_0945-1028x1536.jpg 1028w, https:\/\/sp5.kwidzyn.pl\/wp-content\/uploads\/2024\/11\/DSC_0945-1371x2048.jpg 1371w, https:\/\/sp5.kwidzyn.pl\/wp-content\/uploads\/2024\/11\/DSC_0945-scaled.jpg 1714w\" sizes=\"(max-width: 685px) 100vw, 685px\" \/><\/figure>\n\n\n\n<figure class=\"wp-block-image size-large\"><img loading=\"lazy\" decoding=\"async\" width=\"685\" height=\"1024\" data-id=\"4603\" src=\"http:\/\/sp52.betulait.pl\/wp-content\/uploads\/2024\/11\/DSC_0943-685x1024.jpg\" alt=\"\" class=\"wp-image-4603\" srcset=\"https:\/\/sp5.kwidzyn.pl\/wp-content\/uploads\/2024\/11\/DSC_0943-685x1024.jpg 685w, https:\/\/sp5.kwidzyn.pl\/wp-content\/uploads\/2024\/11\/DSC_0943-201x300.jpg 201w, https:\/\/sp5.kwidzyn.pl\/wp-content\/uploads\/2024\/11\/DSC_0943-768x1147.jpg 768w, https:\/\/sp5.kwidzyn.pl\/wp-content\/uploads\/2024\/11\/DSC_0943-1028x1536.jpg 1028w, https:\/\/sp5.kwidzyn.pl\/wp-content\/uploads\/2024\/11\/DSC_0943-1371x2048.jpg 1371w, https:\/\/sp5.kwidzyn.pl\/wp-content\/uploads\/2024\/11\/DSC_0943-scaled.jpg 1714w\" sizes=\"(max-width: 685px) 100vw, 685px\" \/><\/figure>\n\n\n\n<figure class=\"wp-block-image size-large\"><img loading=\"lazy\" decoding=\"async\" width=\"1024\" height=\"685\" data-id=\"4599\" src=\"http:\/\/sp52.betulait.pl\/wp-content\/uploads\/2024\/11\/DSC_0939-1024x685.jpg\" alt=\"\" class=\"wp-image-4599\" srcset=\"https:\/\/sp5.kwidzyn.pl\/wp-content\/uploads\/2024\/11\/DSC_0939-1024x685.jpg 1024w, https:\/\/sp5.kwidzyn.pl\/wp-content\/uploads\/2024\/11\/DSC_0939-300x201.jpg 300w, https:\/\/sp5.kwidzyn.pl\/wp-content\/uploads\/2024\/11\/DSC_0939-768x514.jpg 768w, https:\/\/sp5.kwidzyn.pl\/wp-content\/uploads\/2024\/11\/DSC_0939-1536x1028.jpg 1536w, https:\/\/sp5.kwidzyn.pl\/wp-content\/uploads\/2024\/11\/DSC_0939-2048x1371.jpg 2048w\" sizes=\"(max-width: 1024px) 100vw, 1024px\" \/><\/figure>\n\n\n\n<figure class=\"wp-block-image size-large\"><img loading=\"lazy\" decoding=\"async\" width=\"685\" height=\"1024\" data-id=\"4598\" src=\"http:\/\/sp52.betulait.pl\/wp-content\/uploads\/2024\/11\/DSC_0938-685x1024.jpg\" alt=\"\" class=\"wp-image-4598\" srcset=\"https:\/\/sp5.kwidzyn.pl\/wp-content\/uploads\/2024\/11\/DSC_0938-685x1024.jpg 685w, https:\/\/sp5.kwidzyn.pl\/wp-content\/uploads\/2024\/11\/DSC_0938-201x300.jpg 201w, https:\/\/sp5.kwidzyn.pl\/wp-content\/uploads\/2024\/11\/DSC_0938-768x1147.jpg 768w, https:\/\/sp5.kwidzyn.pl\/wp-content\/uploads\/2024\/11\/DSC_0938-1028x1536.jpg 1028w, https:\/\/sp5.kwidzyn.pl\/wp-content\/uploads\/2024\/11\/DSC_0938-1371x2048.jpg 1371w, https:\/\/sp5.kwidzyn.pl\/wp-content\/uploads\/2024\/11\/DSC_0938-scaled.jpg 1714w\" sizes=\"(max-width: 685px) 100vw, 685px\" \/><\/figure>\n\n\n\n<figure class=\"wp-block-image size-large\"><img loading=\"lazy\" decoding=\"async\" width=\"1024\" height=\"685\" data-id=\"4596\" src=\"http:\/\/sp52.betulait.pl\/wp-content\/uploads\/2024\/11\/DSC_0933-1024x685.jpg\" alt=\"\" class=\"wp-image-4596\" srcset=\"https:\/\/sp5.kwidzyn.pl\/wp-content\/uploads\/2024\/11\/DSC_0933-1024x685.jpg 1024w, https:\/\/sp5.kwidzyn.pl\/wp-content\/uploads\/2024\/11\/DSC_0933-300x201.jpg 300w, https:\/\/sp5.kwidzyn.pl\/wp-content\/uploads\/2024\/11\/DSC_0933-768x514.jpg 768w, https:\/\/sp5.kwidzyn.pl\/wp-content\/uploads\/2024\/11\/DSC_0933-1536x1028.jpg 1536w, https:\/\/sp5.kwidzyn.pl\/wp-content\/uploads\/2024\/11\/DSC_0933-2048x1371.jpg 2048w\" sizes=\"(max-width: 1024px) 100vw, 1024px\" \/><\/figure>\n\n\n\n<figure class=\"wp-block-image size-large\"><img loading=\"lazy\" decoding=\"async\" width=\"1024\" height=\"685\" data-id=\"4594\" src=\"http:\/\/sp52.betulait.pl\/wp-content\/uploads\/2024\/11\/DSC_0931-1024x685.jpg\" alt=\"\" class=\"wp-image-4594\" srcset=\"https:\/\/sp5.kwidzyn.pl\/wp-content\/uploads\/2024\/11\/DSC_0931-1024x685.jpg 1024w, https:\/\/sp5.kwidzyn.pl\/wp-content\/uploads\/2024\/11\/DSC_0931-300x201.jpg 300w, https:\/\/sp5.kwidzyn.pl\/wp-content\/uploads\/2024\/11\/DSC_0931-768x514.jpg 768w, https:\/\/sp5.kwidzyn.pl\/wp-content\/uploads\/2024\/11\/DSC_0931-1536x1028.jpg 1536w, https:\/\/sp5.kwidzyn.pl\/wp-content\/uploads\/2024\/11\/DSC_0931-2048x1371.jpg 2048w\" sizes=\"(max-width: 1024px) 100vw, 1024px\" \/><\/figure>\n\n\n\n<figure class=\"wp-block-image size-large\"><img loading=\"lazy\" decoding=\"async\" width=\"685\" height=\"1024\" data-id=\"4593\" src=\"http:\/\/sp52.betulait.pl\/wp-content\/uploads\/2024\/11\/DSC_0929-685x1024.jpg\" alt=\"\" class=\"wp-image-4593\" srcset=\"https:\/\/sp5.kwidzyn.pl\/wp-content\/uploads\/2024\/11\/DSC_0929-685x1024.jpg 685w, https:\/\/sp5.kwidzyn.pl\/wp-content\/uploads\/2024\/11\/DSC_0929-201x300.jpg 201w, https:\/\/sp5.kwidzyn.pl\/wp-content\/uploads\/2024\/11\/DSC_0929-768x1147.jpg 768w, https:\/\/sp5.kwidzyn.pl\/wp-content\/uploads\/2024\/11\/DSC_0929-1028x1536.jpg 1028w, https:\/\/sp5.kwidzyn.pl\/wp-content\/uploads\/2024\/11\/DSC_0929-1371x2048.jpg 1371w, https:\/\/sp5.kwidzyn.pl\/wp-content\/uploads\/2024\/11\/DSC_0929-scaled.jpg 1714w\" sizes=\"(max-width: 685px) 100vw, 685px\" \/><\/figure>\n\n\n\n<figure class=\"wp-block-image size-large\"><img loading=\"lazy\" decoding=\"async\" width=\"1024\" height=\"685\" data-id=\"4585\" src=\"http:\/\/sp52.betulait.pl\/wp-content\/uploads\/2024\/11\/DSC_0915-1024x685.jpg\" alt=\"\" class=\"wp-image-4585\" srcset=\"https:\/\/sp5.kwidzyn.pl\/wp-content\/uploads\/2024\/11\/DSC_0915-1024x685.jpg 1024w, https:\/\/sp5.kwidzyn.pl\/wp-content\/uploads\/2024\/11\/DSC_0915-300x201.jpg 300w, https:\/\/sp5.kwidzyn.pl\/wp-content\/uploads\/2024\/11\/DSC_0915-768x514.jpg 768w, https:\/\/sp5.kwidzyn.pl\/wp-content\/uploads\/2024\/11\/DSC_0915-1536x1028.jpg 1536w, https:\/\/sp5.kwidzyn.pl\/wp-content\/uploads\/2024\/11\/DSC_0915-2048x1371.jpg 2048w\" sizes=\"(max-width: 1024px) 100vw, 1024px\" \/><\/figure>\n\n\n\n<figure class=\"wp-block-image size-large\"><img loading=\"lazy\" decoding=\"async\" width=\"1024\" height=\"685\" data-id=\"4589\" src=\"http:\/\/sp52.betulait.pl\/wp-content\/uploads\/2024\/11\/DSC_0924-1024x685.jpg\" alt=\"\" class=\"wp-image-4589\" srcset=\"https:\/\/sp5.kwidzyn.pl\/wp-content\/uploads\/2024\/11\/DSC_0924-1024x685.jpg 1024w, https:\/\/sp5.kwidzyn.pl\/wp-content\/uploads\/2024\/11\/DSC_0924-300x201.jpg 300w, https:\/\/sp5.kwidzyn.pl\/wp-content\/uploads\/2024\/11\/DSC_0924-768x514.jpg 768w, https:\/\/sp5.kwidzyn.pl\/wp-content\/uploads\/2024\/11\/DSC_0924-1536x1028.jpg 1536w, https:\/\/sp5.kwidzyn.pl\/wp-content\/uploads\/2024\/11\/DSC_0924-2048x1371.jpg 2048w\" sizes=\"(max-width: 1024px) 100vw, 1024px\" \/><\/figure>\n\n\n\n<figure class=\"wp-block-image size-large\"><img loading=\"lazy\" decoding=\"async\" width=\"685\" height=\"1024\" data-id=\"4590\" src=\"http:\/\/sp52.betulait.pl\/wp-content\/uploads\/2024\/11\/DSC_0925-685x1024.jpg\" alt=\"\" class=\"wp-image-4590\" srcset=\"https:\/\/sp5.kwidzyn.pl\/wp-content\/uploads\/2024\/11\/DSC_0925-685x1024.jpg 685w, https:\/\/sp5.kwidzyn.pl\/wp-content\/uploads\/2024\/11\/DSC_0925-201x300.jpg 201w, https:\/\/sp5.kwidzyn.pl\/wp-content\/uploads\/2024\/11\/DSC_0925-768x1147.jpg 768w, https:\/\/sp5.kwidzyn.pl\/wp-content\/uploads\/2024\/11\/DSC_0925-1028x1536.jpg 1028w, https:\/\/sp5.kwidzyn.pl\/wp-content\/uploads\/2024\/11\/DSC_0925-1371x2048.jpg 1371w, https:\/\/sp5.kwidzyn.pl\/wp-content\/uploads\/2024\/11\/DSC_0925-scaled.jpg 1714w\" sizes=\"(max-width: 685px) 100vw, 685px\" \/><\/figure>\n\n\n\n<figure class=\"wp-block-image size-large\"><img loading=\"lazy\" decoding=\"async\" width=\"1024\" height=\"685\" data-id=\"4586\" src=\"http:\/\/sp52.betulait.pl\/wp-content\/uploads\/2024\/11\/DSC_0920-1024x685.jpg\" alt=\"\" class=\"wp-image-4586\" srcset=\"https:\/\/sp5.kwidzyn.pl\/wp-content\/uploads\/2024\/11\/DSC_0920-1024x685.jpg 1024w, https:\/\/sp5.kwidzyn.pl\/wp-content\/uploads\/2024\/11\/DSC_0920-300x201.jpg 300w, https:\/\/sp5.kwidzyn.pl\/wp-content\/uploads\/2024\/11\/DSC_0920-768x514.jpg 768w, https:\/\/sp5.kwidzyn.pl\/wp-content\/uploads\/2024\/11\/DSC_0920-1536x1028.jpg 1536w, https:\/\/sp5.kwidzyn.pl\/wp-content\/uploads\/2024\/11\/DSC_0920-2048x1371.jpg 2048w\" sizes=\"(max-width: 1024px) 100vw, 1024px\" \/><\/figure>\n\n\n\n<figure class=\"wp-block-image size-large\"><img loading=\"lazy\" decoding=\"async\" width=\"1024\" height=\"685\" data-id=\"4595\" src=\"http:\/\/sp52.betulait.pl\/wp-content\/uploads\/2024\/11\/DSC_0932-1024x685.jpg\" alt=\"\" class=\"wp-image-4595\" srcset=\"https:\/\/sp5.kwidzyn.pl\/wp-content\/uploads\/2024\/11\/DSC_0932-1024x685.jpg 1024w, https:\/\/sp5.kwidzyn.pl\/wp-content\/uploads\/2024\/11\/DSC_0932-300x201.jpg 300w, https:\/\/sp5.kwidzyn.pl\/wp-content\/uploads\/2024\/11\/DSC_0932-768x514.jpg 768w, https:\/\/sp5.kwidzyn.pl\/wp-content\/uploads\/2024\/11\/DSC_0932-1536x1028.jpg 1536w, https:\/\/sp5.kwidzyn.pl\/wp-content\/uploads\/2024\/11\/DSC_0932-2048x1371.jpg 2048w\" sizes=\"(max-width: 1024px) 100vw, 1024px\" \/><\/figure>\n\n\n\n<figure class=\"wp-block-image size-large\"><img loading=\"lazy\" decoding=\"async\" width=\"1024\" height=\"685\" data-id=\"4600\" src=\"http:\/\/sp52.betulait.pl\/wp-content\/uploads\/2024\/11\/DSC_0940-1024x685.jpg\" alt=\"\" class=\"wp-image-4600\" srcset=\"https:\/\/sp5.kwidzyn.pl\/wp-content\/uploads\/2024\/11\/DSC_0940-1024x685.jpg 1024w, https:\/\/sp5.kwidzyn.pl\/wp-content\/uploads\/2024\/11\/DSC_0940-300x201.jpg 300w, https:\/\/sp5.kwidzyn.pl\/wp-content\/uploads\/2024\/11\/DSC_0940-768x514.jpg 768w, https:\/\/sp5.kwidzyn.pl\/wp-content\/uploads\/2024\/11\/DSC_0940-1536x1028.jpg 1536w, https:\/\/sp5.kwidzyn.pl\/wp-content\/uploads\/2024\/11\/DSC_0940-2048x1371.jpg 2048w\" sizes=\"(max-width: 1024px) 100vw, 1024px\" \/><\/figure>\n\n\n\n<figure class=\"wp-block-image size-large\"><img loading=\"lazy\" decoding=\"async\" width=\"1024\" height=\"685\" data-id=\"4606\" src=\"http:\/\/sp52.betulait.pl\/wp-content\/uploads\/2024\/11\/DSC_0948-1024x685.jpg\" alt=\"\" class=\"wp-image-4606\" srcset=\"https:\/\/sp5.kwidzyn.pl\/wp-content\/uploads\/2024\/11\/DSC_0948-1024x685.jpg 1024w, https:\/\/sp5.kwidzyn.pl\/wp-content\/uploads\/2024\/11\/DSC_0948-300x201.jpg 300w, https:\/\/sp5.kwidzyn.pl\/wp-content\/uploads\/2024\/11\/DSC_0948-768x514.jpg 768w, https:\/\/sp5.kwidzyn.pl\/wp-content\/uploads\/2024\/11\/DSC_0948-1536x1028.jpg 1536w, https:\/\/sp5.kwidzyn.pl\/wp-content\/uploads\/2024\/11\/DSC_0948-2048x1371.jpg 2048w\" sizes=\"(max-width: 1024px) 100vw, 1024px\" \/><\/figure>\n<\/figure>\n","protected":false},"excerpt":{"rendered":"<p>Uroczysty apel z okazji 11 Listopada &#8211; \u015awi\u0119ta Niepodleg\u0142o\u015bci w Szkole Podstawowej nr 5 w Kwidzynie rozpocz\u0119to od wys\u0142uchania piosenki o fladze. Nast\u0119pnie prowadz\u0105cy \u2013 Maja Nielepko i Piotr Lipiak przypomnieli wszystkim o pochodzeniu i znaczeniu polskich symboli narodowych. Kolejnym punktem akademii by\u0142a kr\u00f3tka inscenizacja, w kt\u00f3rej pojawi\u0142o si\u0119 bardzo wa\u017cne dla ka\u017cdego Polaka pytanie \u2013 Czym dla Ciebie jest Ojczyzna? Wszyscy dumnie od\u015bpiewali hymn narodowy. Ka\u017cda klasa przygotowa\u0142a na ten dzie\u0144 kotyliony, dzi\u0119ki kt\u00f3rym ka\u017cdy m\u00f3g\u0142 poczu\u0107 dum\u0119, \u017ce jest Polakiem i, \u017ce mo\u017ce \u017cy\u0107 w wolnym kraju.\u00a0 Obchody 11 listopada przypominaj\u0105, jak d\u0142ug\u0105 i pe\u0142n\u0105 wyzwa\u0144 drog\u0119 przeszli nasi przodkowie, aby Polska mog\u0142a odzyska\u0107 niepodleg\u0142o\u015b\u0107. To dzie\u0144, kt\u00f3ry sk\u0142ania do refleksji nad cen\u0105 wolno\u015bci oraz nad tym, jak istotne jest budowanie to\u017csamo\u015bci narodowej.<\/p>\n","protected":false},"author":7,"featured_media":4591,"comment_status":"open","ping_status":"open","sticky":false,"template":"","format":"standard","meta":{"footnotes":""},"categories":[1],"tags":[],"class_list":["post-4555","post","type-post","status-publish","format-standard","has-post-thumbnail","hentry","category-blog"],"acf":[],"_links":{"self":[{"href":"https:\/\/sp5.kwidzyn.pl\/index.php?rest_route=\/wp\/v2\/posts\/4555","targetHints":{"allow":["GET"]}}],"collection":[{"href":"https:\/\/sp5.kwidzyn.pl\/index.php?rest_route=\/wp\/v2\/posts"}],"about":[{"href":"https:\/\/sp5.kwidzyn.pl\/index.php?rest_route=\/wp\/v2\/types\/post"}],"author":[{"embeddable":true,"href":"https:\/\/sp5.kwidzyn.pl\/index.php?rest_route=\/wp\/v2\/users\/7"}],"replies":[{"embeddable":true,"href":"https:\/\/sp5.kwidzyn.pl\/index.php?rest_route=%2Fwp%2Fv2%2Fcomments&post=4555"}],"version-history":[{"count":1,"href":"https:\/\/sp5.kwidzyn.pl\/index.php?rest_route=\/wp\/v2\/posts\/4555\/revisions"}],"predecessor-version":[{"id":4607,"href":"https:\/\/sp5.kwidzyn.pl\/index.php?rest_route=\/wp\/v2\/posts\/4555\/revisions\/4607"}],"wp:featuredmedia":[{"embeddable":true,"href":"https:\/\/sp5.kwidzyn.pl\/index.php?rest_route=\/wp\/v2\/media\/4591"}],"wp:attachment":[{"href":"https:\/\/sp5.kwidzyn.pl\/index.php?rest_route=%2Fwp%2Fv2%2Fmedia&parent=4555"}],"wp:term":[{"taxonomy":"category","embeddable":true,"href":"https:\/\/sp5.kwidzyn.pl\/index.php?rest_route=%2Fwp%2Fv2%2Fcategories&post=4555"},{"taxonomy":"post_tag","embeddable":true,"href":"https:\/\/sp5.kwidzyn.pl\/index.php?rest_route=%2Fwp%2Fv2%2Ftags&post=4555"}],"curies":[{"name":"wp","href":"https:\/\/api.w.org\/{rel}","templated":true}]}}