{"id":4539,"date":"2024-11-11T20:50:08","date_gmt":"2024-11-11T19:50:08","guid":{"rendered":"http:\/\/sp52.betulait.pl\/?p=4539"},"modified":"2024-11-11T20:50:09","modified_gmt":"2024-11-11T19:50:09","slug":"piatka-na-rowerach","status":"publish","type":"post","link":"https:\/\/sp5.kwidzyn.pl\/?p=4539","title":{"rendered":"PI\u0104TKA NA ROWERACH"},"content":{"rendered":"\n<p>Po raz kolejny mi\u0142o\u015bnicy jedno\u015blad\u00f3w pokazali jak mo\u017cna aktywnie sp\u0119dzi\u0107 wolne, sobotnie przedpo\u0142udnie z dala od telefon\u00f3w, gier komputerowych. Brawa dla uczestnik\u00f3w XV Rajdu rowerowego w sk\u0142adzie: Rafa\u0142 Mierzwa, Miko\u0142aj D\u0105browski, Wojciech Cichewicz, Jan Radzikowski, p. Natalia Po\u0142e\u0107 oraz p. Agnieszka Radomi\u0144ska. Rowerzy\u015bci pokonali tras\u0119 z Kwidzyna do Brachlewa-Zielona Szko\u0142a i z powrotem.<\/p>\n\n\n\n<p>Na mecie czeka\u0142a groch\u00f3wka i kie\u0142baska turystyczna przy ognisku.<\/p>\n\n\n\n<p>Organizatorzy r\u00f3wnie\u017c&nbsp; przygotowali&nbsp; konkurencje sprawno\u015bciowe, gdzie mo\u017cna by\u0142o sprawdzi\u0107 swoje umiej\u0119tno\u015bci sportowe.<\/p>\n\n\n\n<p>#Rajdrowerowy<\/p>\n\n\n\n<p>#Czaswolny<\/p>\n\n\n\n<p>#Integracja<\/p>\n\n\n\n<p>#SP5Kwidzyn<\/p>\n\n\n\n<figure class=\"wp-block-gallery has-nested-images columns-default is-cropped wp-block-gallery-1 is-layout-flex wp-block-gallery-is-layout-flex\">\n<figure class=\"wp-block-image size-large\"><img fetchpriority=\"high\" decoding=\"async\" width=\"575\" height=\"1024\" data-id=\"4541\" src=\"http:\/\/sp52.betulait.pl\/wp-content\/uploads\/2024\/11\/Zdjecie-WhatsApp-2024-11-11-o-15.31.01_e3bff2dc-1-575x1024.jpg\" alt=\"\" class=\"wp-image-4541\" srcset=\"https:\/\/sp5.kwidzyn.pl\/wp-content\/uploads\/2024\/11\/Zdjecie-WhatsApp-2024-11-11-o-15.31.01_e3bff2dc-1-575x1024.jpg 575w, https:\/\/sp5.kwidzyn.pl\/wp-content\/uploads\/2024\/11\/Zdjecie-WhatsApp-2024-11-11-o-15.31.01_e3bff2dc-1-169x300.jpg 169w, https:\/\/sp5.kwidzyn.pl\/wp-content\/uploads\/2024\/11\/Zdjecie-WhatsApp-2024-11-11-o-15.31.01_e3bff2dc-1-768x1367.jpg 768w, https:\/\/sp5.kwidzyn.pl\/wp-content\/uploads\/2024\/11\/Zdjecie-WhatsApp-2024-11-11-o-15.31.01_e3bff2dc-1-863x1536.jpg 863w, https:\/\/sp5.kwidzyn.pl\/wp-content\/uploads\/2024\/11\/Zdjecie-WhatsApp-2024-11-11-o-15.31.01_e3bff2dc-1.jpg 899w\" sizes=\"(max-width: 575px) 100vw, 575px\" \/><\/figure>\n\n\n\n<figure class=\"wp-block-image size-large\"><img decoding=\"async\" width=\"575\" height=\"1024\" data-id=\"4542\" src=\"http:\/\/sp52.betulait.pl\/wp-content\/uploads\/2024\/11\/Zdjecie-WhatsApp-2024-11-11-o-15.31.04_f69af258-575x1024.jpg\" alt=\"\" class=\"wp-image-4542\" srcset=\"https:\/\/sp5.kwidzyn.pl\/wp-content\/uploads\/2024\/11\/Zdjecie-WhatsApp-2024-11-11-o-15.31.04_f69af258-575x1024.jpg 575w, https:\/\/sp5.kwidzyn.pl\/wp-content\/uploads\/2024\/11\/Zdjecie-WhatsApp-2024-11-11-o-15.31.04_f69af258-169x300.jpg 169w, https:\/\/sp5.kwidzyn.pl\/wp-content\/uploads\/2024\/11\/Zdjecie-WhatsApp-2024-11-11-o-15.31.04_f69af258-768x1367.jpg 768w, https:\/\/sp5.kwidzyn.pl\/wp-content\/uploads\/2024\/11\/Zdjecie-WhatsApp-2024-11-11-o-15.31.04_f69af258-863x1536.jpg 863w, https:\/\/sp5.kwidzyn.pl\/wp-content\/uploads\/2024\/11\/Zdjecie-WhatsApp-2024-11-11-o-15.31.04_f69af258.jpg 899w\" sizes=\"(max-width: 575px) 100vw, 575px\" \/><\/figure>\n<\/figure>\n","protected":false},"excerpt":{"rendered":"<p>Po raz kolejny mi\u0142o\u015bnicy jedno\u015blad\u00f3w pokazali jak mo\u017cna aktywnie sp\u0119dzi\u0107 wolne, sobotnie przedpo\u0142udnie z dala od telefon\u00f3w, gier komputerowych. Brawa dla uczestnik\u00f3w XV Rajdu rowerowego w sk\u0142adzie: Rafa\u0142 Mierzwa, Miko\u0142aj D\u0105browski, Wojciech Cichewicz, Jan Radzikowski, p. Natalia Po\u0142e\u0107 oraz p. Agnieszka Radomi\u0144ska. Rowerzy\u015bci pokonali tras\u0119 z Kwidzyna do Brachlewa-Zielona Szko\u0142a i z powrotem. Na mecie czeka\u0142a groch\u00f3wka i kie\u0142baska turystyczna przy ognisku. Organizatorzy r\u00f3wnie\u017c&nbsp; przygotowali&nbsp; konkurencje sprawno\u015bciowe, gdzie mo\u017cna by\u0142o sprawdzi\u0107 swoje umiej\u0119tno\u015bci sportowe. #Rajdrowerowy #Czaswolny #Integracja #SP5Kwidzyn<\/p>\n","protected":false},"author":7,"featured_media":4540,"comment_status":"open","ping_status":"open","sticky":false,"template":"","format":"standard","meta":{"footnotes":""},"categories":[1],"tags":[],"class_list":["post-4539","post","type-post","status-publish","format-standard","has-post-thumbnail","hentry","category-blog"],"acf":[],"_links":{"self":[{"href":"https:\/\/sp5.kwidzyn.pl\/index.php?rest_route=\/wp\/v2\/posts\/4539","targetHints":{"allow":["GET"]}}],"collection":[{"href":"https:\/\/sp5.kwidzyn.pl\/index.php?rest_route=\/wp\/v2\/posts"}],"about":[{"href":"https:\/\/sp5.kwidzyn.pl\/index.php?rest_route=\/wp\/v2\/types\/post"}],"author":[{"embeddable":true,"href":"https:\/\/sp5.kwidzyn.pl\/index.php?rest_route=\/wp\/v2\/users\/7"}],"replies":[{"embeddable":true,"href":"https:\/\/sp5.kwidzyn.pl\/index.php?rest_route=%2Fwp%2Fv2%2Fcomments&post=4539"}],"version-history":[{"count":1,"href":"https:\/\/sp5.kwidzyn.pl\/index.php?rest_route=\/wp\/v2\/posts\/4539\/revisions"}],"predecessor-version":[{"id":4543,"href":"https:\/\/sp5.kwidzyn.pl\/index.php?rest_route=\/wp\/v2\/posts\/4539\/revisions\/4543"}],"wp:featuredmedia":[{"embeddable":true,"href":"https:\/\/sp5.kwidzyn.pl\/index.php?rest_route=\/wp\/v2\/media\/4540"}],"wp:attachment":[{"href":"https:\/\/sp5.kwidzyn.pl\/index.php?rest_route=%2Fwp%2Fv2%2Fmedia&parent=4539"}],"wp:term":[{"taxonomy":"category","embeddable":true,"href":"https:\/\/sp5.kwidzyn.pl\/index.php?rest_route=%2Fwp%2Fv2%2Fcategories&post=4539"},{"taxonomy":"post_tag","embeddable":true,"href":"https:\/\/sp5.kwidzyn.pl\/index.php?rest_route=%2Fwp%2Fv2%2Ftags&post=4539"}],"curies":[{"name":"wp","href":"https:\/\/api.w.org\/{rel}","templated":true}]}}