{"id":4533,"date":"2024-11-09T20:40:19","date_gmt":"2024-11-09T19:40:19","guid":{"rendered":"http:\/\/sp52.betulait.pl\/?p=4533"},"modified":"2024-11-11T20:51:38","modified_gmt":"2024-11-11T19:51:38","slug":"patriotyzm","status":"publish","type":"post","link":"https:\/\/sp5.kwidzyn.pl\/?p=4533","title":{"rendered":"Patriotyzm"},"content":{"rendered":"\n<div class=\"wp-block-media-text has-media-on-the-right is-stacked-on-mobile\" style=\"grid-template-columns:auto 51%\"><div class=\"wp-block-media-text__content\">\n<p><strong>KODOWANIE I PROGRAMOWANIE SYMBOLI NARODOWYCH<\/strong><\/p>\n\n\n\n<p>Z okazji zbli\u017caj\u0105cego si\u0119 \u015awi\u0119ta Niepodleg\u0142o\u015bci uczniowie klas 4-6 wraz z pani\u0105 Natali\u0105 Po\u0142e\u0107 na lekcjach informatyki kodowali symbole narodowe promuj\u0105c w ten spos\u00f3b swoj\u0105 postaw\u0119 obywatelsk\u0105, patriotyzm, poczucie to\u017csamo\u015bci narodowej oraz szacunek do symboli narodowych.<\/p>\n\n\n\n<p>#Symbolenarodowe<\/p>\n\n\n\n<p>#Patriotyzm<\/p>\n\n\n\n<p>#SP5Kwidzyn<\/p>\n<\/div><figure class=\"wp-block-media-text__media\"><img fetchpriority=\"high\" decoding=\"async\" width=\"1024\" height=\"1024\" src=\"http:\/\/sp52.betulait.pl\/wp-content\/uploads\/2024\/11\/Zdjecie-WhatsApp-2024-11-09-o-07.16.54_62ab0c4e-1024x1024.jpg\" alt=\"\" class=\"wp-image-4534 size-full\" srcset=\"https:\/\/sp5.kwidzyn.pl\/wp-content\/uploads\/2024\/11\/Zdjecie-WhatsApp-2024-11-09-o-07.16.54_62ab0c4e-1024x1024.jpg 1024w, https:\/\/sp5.kwidzyn.pl\/wp-content\/uploads\/2024\/11\/Zdjecie-WhatsApp-2024-11-09-o-07.16.54_62ab0c4e-300x300.jpg 300w, https:\/\/sp5.kwidzyn.pl\/wp-content\/uploads\/2024\/11\/Zdjecie-WhatsApp-2024-11-09-o-07.16.54_62ab0c4e-150x150.jpg 150w, https:\/\/sp5.kwidzyn.pl\/wp-content\/uploads\/2024\/11\/Zdjecie-WhatsApp-2024-11-09-o-07.16.54_62ab0c4e-768x768.jpg 768w, https:\/\/sp5.kwidzyn.pl\/wp-content\/uploads\/2024\/11\/Zdjecie-WhatsApp-2024-11-09-o-07.16.54_62ab0c4e-1536x1536.jpg 1536w, https:\/\/sp5.kwidzyn.pl\/wp-content\/uploads\/2024\/11\/Zdjecie-WhatsApp-2024-11-09-o-07.16.54_62ab0c4e.jpg 1600w\" sizes=\"(max-width: 1024px) 100vw, 1024px\" \/><\/figure><\/div>\n\n\n\n<div class=\"wp-block-media-text is-stacked-on-mobile\"><figure class=\"wp-block-media-text__media\"><img decoding=\"async\" width=\"1024\" height=\"768\" src=\"http:\/\/sp52.betulait.pl\/wp-content\/uploads\/2024\/11\/Zdjecie-WhatsApp-2024-11-09-o-07.17.42_e1cb6f29-1024x768.jpg\" alt=\"\" class=\"wp-image-4535 size-full\" srcset=\"https:\/\/sp5.kwidzyn.pl\/wp-content\/uploads\/2024\/11\/Zdjecie-WhatsApp-2024-11-09-o-07.17.42_e1cb6f29-1024x768.jpg 1024w, https:\/\/sp5.kwidzyn.pl\/wp-content\/uploads\/2024\/11\/Zdjecie-WhatsApp-2024-11-09-o-07.17.42_e1cb6f29-300x225.jpg 300w, https:\/\/sp5.kwidzyn.pl\/wp-content\/uploads\/2024\/11\/Zdjecie-WhatsApp-2024-11-09-o-07.17.42_e1cb6f29-768x576.jpg 768w, https:\/\/sp5.kwidzyn.pl\/wp-content\/uploads\/2024\/11\/Zdjecie-WhatsApp-2024-11-09-o-07.17.42_e1cb6f29-1536x1152.jpg 1536w, https:\/\/sp5.kwidzyn.pl\/wp-content\/uploads\/2024\/11\/Zdjecie-WhatsApp-2024-11-09-o-07.17.42_e1cb6f29.jpg 1600w\" sizes=\"(max-width: 1024px) 100vw, 1024px\" \/><\/figure><div class=\"wp-block-media-text__content\">\n<p><strong>LEKCJA PATRIOTYZMU NA LEKCJI EDUKACJI DLA BEZPIECZE\u0143STWA.<\/strong><\/p>\n\n\n\n<p>Klasy \u00f3sme wykonywa\u0142y kotyliony. Uczniowie przypominaj\u0105, \u017ce kotylion w barwach bia\u0142o- czerwonych jest symbolem patriotyzmu i mi\u0142o\u015bci do ojczyzny. Zgodnie z zasadami 11 listopada nale\u017cy go przypi\u0105\u0107 nad sercem.<\/p>\n\n\n\n<p>#Niepodleg\u0142o\u015b\u0107<\/p>\n\n\n\n<p>#Patriotyzm<\/p>\n\n\n\n<p>#SP5Kwidzyn<\/p>\n<\/div><\/div>\n\n\n\n<figure class=\"wp-block-gallery has-nested-images columns-default is-cropped wp-block-gallery-1 is-layout-flex wp-block-gallery-is-layout-flex\">\n<figure class=\"wp-block-image size-large\"><img decoding=\"async\" width=\"1024\" height=\"768\" data-id=\"4536\" src=\"http:\/\/sp52.betulait.pl\/wp-content\/uploads\/2024\/11\/Zdjecie-WhatsApp-2024-11-09-o-07.17.42_5315b874-1024x768.jpg\" alt=\"\" class=\"wp-image-4536\" srcset=\"https:\/\/sp5.kwidzyn.pl\/wp-content\/uploads\/2024\/11\/Zdjecie-WhatsApp-2024-11-09-o-07.17.42_5315b874-1024x768.jpg 1024w, https:\/\/sp5.kwidzyn.pl\/wp-content\/uploads\/2024\/11\/Zdjecie-WhatsApp-2024-11-09-o-07.17.42_5315b874-300x225.jpg 300w, https:\/\/sp5.kwidzyn.pl\/wp-content\/uploads\/2024\/11\/Zdjecie-WhatsApp-2024-11-09-o-07.17.42_5315b874-768x576.jpg 768w, https:\/\/sp5.kwidzyn.pl\/wp-content\/uploads\/2024\/11\/Zdjecie-WhatsApp-2024-11-09-o-07.17.42_5315b874-1536x1152.jpg 1536w, https:\/\/sp5.kwidzyn.pl\/wp-content\/uploads\/2024\/11\/Zdjecie-WhatsApp-2024-11-09-o-07.17.42_5315b874.jpg 1600w\" sizes=\"(max-width: 1024px) 100vw, 1024px\" \/><\/figure>\n\n\n\n<figure class=\"wp-block-image size-large\"><img loading=\"lazy\" decoding=\"async\" width=\"1024\" height=\"438\" data-id=\"4537\" src=\"http:\/\/sp52.betulait.pl\/wp-content\/uploads\/2024\/11\/Zdjecie-WhatsApp-2024-11-09-o-07.17.43_4f1041d0-1024x438.jpg\" alt=\"\" class=\"wp-image-4537\" srcset=\"https:\/\/sp5.kwidzyn.pl\/wp-content\/uploads\/2024\/11\/Zdjecie-WhatsApp-2024-11-09-o-07.17.43_4f1041d0-1024x438.jpg 1024w, https:\/\/sp5.kwidzyn.pl\/wp-content\/uploads\/2024\/11\/Zdjecie-WhatsApp-2024-11-09-o-07.17.43_4f1041d0-300x128.jpg 300w, https:\/\/sp5.kwidzyn.pl\/wp-content\/uploads\/2024\/11\/Zdjecie-WhatsApp-2024-11-09-o-07.17.43_4f1041d0-768x329.jpg 768w, https:\/\/sp5.kwidzyn.pl\/wp-content\/uploads\/2024\/11\/Zdjecie-WhatsApp-2024-11-09-o-07.17.43_4f1041d0-1536x658.jpg 1536w, https:\/\/sp5.kwidzyn.pl\/wp-content\/uploads\/2024\/11\/Zdjecie-WhatsApp-2024-11-09-o-07.17.43_4f1041d0.jpg 1600w\" sizes=\"(max-width: 1024px) 100vw, 1024px\" \/><\/figure>\n<\/figure>\n","protected":false},"excerpt":{"rendered":"<p>KODOWANIE I PROGRAMOWANIE SYMBOLI NARODOWYCH Z okazji zbli\u017caj\u0105cego si\u0119 \u015awi\u0119ta Niepodleg\u0142o\u015bci uczniowie klas 4-6 wraz z pani\u0105 Natali\u0105 Po\u0142e\u0107 na lekcjach informatyki kodowali symbole narodowe promuj\u0105c w ten spos\u00f3b swoj\u0105 postaw\u0119 obywatelsk\u0105, patriotyzm, poczucie to\u017csamo\u015bci narodowej oraz szacunek do symboli narodowych. #Symbolenarodowe #Patriotyzm #SP5Kwidzyn LEKCJA PATRIOTYZMU NA LEKCJI EDUKACJI DLA BEZPIECZE\u0143STWA. Klasy \u00f3sme wykonywa\u0142y kotyliony. Uczniowie przypominaj\u0105, \u017ce kotylion w barwach bia\u0142o- czerwonych jest symbolem patriotyzmu i mi\u0142o\u015bci do ojczyzny. Zgodnie z zasadami 11 listopada nale\u017cy go przypi\u0105\u0107 nad sercem. #Niepodleg\u0142o\u015b\u0107 #Patriotyzm #SP5Kwidzyn<\/p>\n","protected":false},"author":7,"featured_media":4534,"comment_status":"open","ping_status":"open","sticky":false,"template":"","format":"standard","meta":{"footnotes":""},"categories":[1],"tags":[],"class_list":["post-4533","post","type-post","status-publish","format-standard","has-post-thumbnail","hentry","category-blog"],"acf":[],"_links":{"self":[{"href":"https:\/\/sp5.kwidzyn.pl\/index.php?rest_route=\/wp\/v2\/posts\/4533","targetHints":{"allow":["GET"]}}],"collection":[{"href":"https:\/\/sp5.kwidzyn.pl\/index.php?rest_route=\/wp\/v2\/posts"}],"about":[{"href":"https:\/\/sp5.kwidzyn.pl\/index.php?rest_route=\/wp\/v2\/types\/post"}],"author":[{"embeddable":true,"href":"https:\/\/sp5.kwidzyn.pl\/index.php?rest_route=\/wp\/v2\/users\/7"}],"replies":[{"embeddable":true,"href":"https:\/\/sp5.kwidzyn.pl\/index.php?rest_route=%2Fwp%2Fv2%2Fcomments&post=4533"}],"version-history":[{"count":2,"href":"https:\/\/sp5.kwidzyn.pl\/index.php?rest_route=\/wp\/v2\/posts\/4533\/revisions"}],"predecessor-version":[{"id":4544,"href":"https:\/\/sp5.kwidzyn.pl\/index.php?rest_route=\/wp\/v2\/posts\/4533\/revisions\/4544"}],"wp:featuredmedia":[{"embeddable":true,"href":"https:\/\/sp5.kwidzyn.pl\/index.php?rest_route=\/wp\/v2\/media\/4534"}],"wp:attachment":[{"href":"https:\/\/sp5.kwidzyn.pl\/index.php?rest_route=%2Fwp%2Fv2%2Fmedia&parent=4533"}],"wp:term":[{"taxonomy":"category","embeddable":true,"href":"https:\/\/sp5.kwidzyn.pl\/index.php?rest_route=%2Fwp%2Fv2%2Fcategories&post=4533"},{"taxonomy":"post_tag","embeddable":true,"href":"https:\/\/sp5.kwidzyn.pl\/index.php?rest_route=%2Fwp%2Fv2%2Ftags&post=4533"}],"curies":[{"name":"wp","href":"https:\/\/api.w.org\/{rel}","templated":true}]}}