{"id":4526,"date":"2024-11-04T21:29:02","date_gmt":"2024-11-04T20:29:02","guid":{"rendered":"http:\/\/sp52.betulait.pl\/?p=4526"},"modified":"2024-11-07T21:33:25","modified_gmt":"2024-11-07T20:33:25","slug":"przedszkolaki-w-bibliotece","status":"publish","type":"post","link":"https:\/\/sp5.kwidzyn.pl\/?p=4526","title":{"rendered":"Przedszkolaki\u00a0 w bibliotece."},"content":{"rendered":"\n<div class=\"wp-block-media-text has-media-on-the-right is-stacked-on-mobile\"><div class=\"wp-block-media-text__content\">\n<p class=\"has-medium-font-size\"><strong>31pa\u017adziernika szkoln\u0105 bibliotek\u0119\u00a0 odwiedzi\u0142a grupa Motyli z przedszkola Rado\u015b\u0107. Dzieci zwiedzi\u0142y bibliotek\u0119, wys\u0142ucha\u0142y &#8222;Przyg\u00f3d Reksia&#8221;, a nast\u0119pnie uczestniczy\u0142y w zaj\u0119ciach. Na zako\u0144czenie otrzyma\u0142y pami\u0105tkowe zak\u0142adki do ksi\u0105\u017cek.<\/strong><\/p>\n<\/div><figure class=\"wp-block-media-text__media\"><img fetchpriority=\"high\" decoding=\"async\" width=\"768\" height=\"1024\" src=\"http:\/\/sp52.betulait.pl\/wp-content\/uploads\/2024\/11\/Zdjecie-WhatsApp-2024-11-04-o-10.35.08_e46575fe-1-768x1024.jpg\" alt=\"\" class=\"wp-image-4527 size-full\" srcset=\"https:\/\/sp5.kwidzyn.pl\/wp-content\/uploads\/2024\/11\/Zdjecie-WhatsApp-2024-11-04-o-10.35.08_e46575fe-1-768x1024.jpg 768w, https:\/\/sp5.kwidzyn.pl\/wp-content\/uploads\/2024\/11\/Zdjecie-WhatsApp-2024-11-04-o-10.35.08_e46575fe-1-225x300.jpg 225w, https:\/\/sp5.kwidzyn.pl\/wp-content\/uploads\/2024\/11\/Zdjecie-WhatsApp-2024-11-04-o-10.35.08_e46575fe-1-1152x1536.jpg 1152w, https:\/\/sp5.kwidzyn.pl\/wp-content\/uploads\/2024\/11\/Zdjecie-WhatsApp-2024-11-04-o-10.35.08_e46575fe-1.jpg 1200w\" sizes=\"(max-width: 768px) 100vw, 768px\" \/><\/figure><\/div>\n\n\n\n<figure class=\"wp-block-gallery has-nested-images columns-default is-cropped wp-block-gallery-1 is-layout-flex wp-block-gallery-is-layout-flex\">\n<figure class=\"wp-block-image size-large\"><img decoding=\"async\" width=\"768\" height=\"1024\" data-id=\"4519\" src=\"http:\/\/sp52.betulait.pl\/wp-content\/uploads\/2024\/11\/Zdjecie-WhatsApp-2024-11-04-o-10.35.08_1f3c0268-768x1024.jpg\" alt=\"\" class=\"wp-image-4519\" srcset=\"https:\/\/sp5.kwidzyn.pl\/wp-content\/uploads\/2024\/11\/Zdjecie-WhatsApp-2024-11-04-o-10.35.08_1f3c0268-768x1024.jpg 768w, https:\/\/sp5.kwidzyn.pl\/wp-content\/uploads\/2024\/11\/Zdjecie-WhatsApp-2024-11-04-o-10.35.08_1f3c0268-225x300.jpg 225w, https:\/\/sp5.kwidzyn.pl\/wp-content\/uploads\/2024\/11\/Zdjecie-WhatsApp-2024-11-04-o-10.35.08_1f3c0268-1152x1536.jpg 1152w, https:\/\/sp5.kwidzyn.pl\/wp-content\/uploads\/2024\/11\/Zdjecie-WhatsApp-2024-11-04-o-10.35.08_1f3c0268.jpg 1200w\" sizes=\"(max-width: 768px) 100vw, 768px\" \/><\/figure>\n\n\n\n<figure class=\"wp-block-image size-large\"><img decoding=\"async\" width=\"1024\" height=\"768\" data-id=\"4521\" src=\"http:\/\/sp52.betulait.pl\/wp-content\/uploads\/2024\/11\/Zdjecie-WhatsApp-2024-11-04-o-10.35.08_2554dd21-1024x768.jpg\" alt=\"\" class=\"wp-image-4521\" srcset=\"https:\/\/sp5.kwidzyn.pl\/wp-content\/uploads\/2024\/11\/Zdjecie-WhatsApp-2024-11-04-o-10.35.08_2554dd21-1024x768.jpg 1024w, https:\/\/sp5.kwidzyn.pl\/wp-content\/uploads\/2024\/11\/Zdjecie-WhatsApp-2024-11-04-o-10.35.08_2554dd21-300x225.jpg 300w, https:\/\/sp5.kwidzyn.pl\/wp-content\/uploads\/2024\/11\/Zdjecie-WhatsApp-2024-11-04-o-10.35.08_2554dd21-768x576.jpg 768w, https:\/\/sp5.kwidzyn.pl\/wp-content\/uploads\/2024\/11\/Zdjecie-WhatsApp-2024-11-04-o-10.35.08_2554dd21-1536x1152.jpg 1536w, https:\/\/sp5.kwidzyn.pl\/wp-content\/uploads\/2024\/11\/Zdjecie-WhatsApp-2024-11-04-o-10.35.08_2554dd21.jpg 1600w\" sizes=\"(max-width: 1024px) 100vw, 1024px\" \/><\/figure>\n\n\n\n<figure class=\"wp-block-image size-large\"><img loading=\"lazy\" decoding=\"async\" width=\"1024\" height=\"768\" data-id=\"4522\" src=\"http:\/\/sp52.betulait.pl\/wp-content\/uploads\/2024\/11\/Zdjecie-WhatsApp-2024-11-04-o-10.35.08_3083a025-1024x768.jpg\" alt=\"\" class=\"wp-image-4522\" srcset=\"https:\/\/sp5.kwidzyn.pl\/wp-content\/uploads\/2024\/11\/Zdjecie-WhatsApp-2024-11-04-o-10.35.08_3083a025-1024x768.jpg 1024w, https:\/\/sp5.kwidzyn.pl\/wp-content\/uploads\/2024\/11\/Zdjecie-WhatsApp-2024-11-04-o-10.35.08_3083a025-300x225.jpg 300w, https:\/\/sp5.kwidzyn.pl\/wp-content\/uploads\/2024\/11\/Zdjecie-WhatsApp-2024-11-04-o-10.35.08_3083a025-768x576.jpg 768w, https:\/\/sp5.kwidzyn.pl\/wp-content\/uploads\/2024\/11\/Zdjecie-WhatsApp-2024-11-04-o-10.35.08_3083a025-1536x1152.jpg 1536w, https:\/\/sp5.kwidzyn.pl\/wp-content\/uploads\/2024\/11\/Zdjecie-WhatsApp-2024-11-04-o-10.35.08_3083a025.jpg 1600w\" sizes=\"(max-width: 1024px) 100vw, 1024px\" \/><\/figure>\n\n\n\n<figure class=\"wp-block-image size-large\"><img loading=\"lazy\" decoding=\"async\" width=\"1024\" height=\"768\" data-id=\"4523\" src=\"http:\/\/sp52.betulait.pl\/wp-content\/uploads\/2024\/11\/Zdjecie-WhatsApp-2024-11-04-o-10.35.08_b816760d-1024x768.jpg\" alt=\"\" class=\"wp-image-4523\" srcset=\"https:\/\/sp5.kwidzyn.pl\/wp-content\/uploads\/2024\/11\/Zdjecie-WhatsApp-2024-11-04-o-10.35.08_b816760d-1024x768.jpg 1024w, https:\/\/sp5.kwidzyn.pl\/wp-content\/uploads\/2024\/11\/Zdjecie-WhatsApp-2024-11-04-o-10.35.08_b816760d-300x225.jpg 300w, https:\/\/sp5.kwidzyn.pl\/wp-content\/uploads\/2024\/11\/Zdjecie-WhatsApp-2024-11-04-o-10.35.08_b816760d-768x576.jpg 768w, https:\/\/sp5.kwidzyn.pl\/wp-content\/uploads\/2024\/11\/Zdjecie-WhatsApp-2024-11-04-o-10.35.08_b816760d-1536x1152.jpg 1536w, https:\/\/sp5.kwidzyn.pl\/wp-content\/uploads\/2024\/11\/Zdjecie-WhatsApp-2024-11-04-o-10.35.08_b816760d.jpg 1600w\" sizes=\"(max-width: 1024px) 100vw, 1024px\" \/><\/figure>\n\n\n\n<figure class=\"wp-block-image size-large\"><img loading=\"lazy\" decoding=\"async\" width=\"1024\" height=\"768\" data-id=\"4520\" src=\"http:\/\/sp52.betulait.pl\/wp-content\/uploads\/2024\/11\/Zdjecie-WhatsApp-2024-11-04-o-10.35.08_8fb275d6-1024x768.jpg\" alt=\"\" class=\"wp-image-4520\" srcset=\"https:\/\/sp5.kwidzyn.pl\/wp-content\/uploads\/2024\/11\/Zdjecie-WhatsApp-2024-11-04-o-10.35.08_8fb275d6-1024x768.jpg 1024w, https:\/\/sp5.kwidzyn.pl\/wp-content\/uploads\/2024\/11\/Zdjecie-WhatsApp-2024-11-04-o-10.35.08_8fb275d6-300x225.jpg 300w, https:\/\/sp5.kwidzyn.pl\/wp-content\/uploads\/2024\/11\/Zdjecie-WhatsApp-2024-11-04-o-10.35.08_8fb275d6-768x576.jpg 768w, https:\/\/sp5.kwidzyn.pl\/wp-content\/uploads\/2024\/11\/Zdjecie-WhatsApp-2024-11-04-o-10.35.08_8fb275d6-1536x1152.jpg 1536w, https:\/\/sp5.kwidzyn.pl\/wp-content\/uploads\/2024\/11\/Zdjecie-WhatsApp-2024-11-04-o-10.35.08_8fb275d6.jpg 1600w\" sizes=\"(max-width: 1024px) 100vw, 1024px\" \/><\/figure>\n<\/figure>\n","protected":false},"excerpt":{"rendered":"<p>31pa\u017adziernika szkoln\u0105 bibliotek\u0119\u00a0 odwiedzi\u0142a grupa Motyli z przedszkola Rado\u015b\u0107. Dzieci zwiedzi\u0142y bibliotek\u0119, wys\u0142ucha\u0142y &#8222;Przyg\u00f3d Reksia&#8221;, a nast\u0119pnie uczestniczy\u0142y w zaj\u0119ciach. Na zako\u0144czenie otrzyma\u0142y pami\u0105tkowe zak\u0142adki do ksi\u0105\u017cek.<\/p>\n","protected":false},"author":7,"featured_media":4527,"comment_status":"open","ping_status":"open","sticky":false,"template":"","format":"standard","meta":{"footnotes":""},"categories":[1],"tags":[],"class_list":["post-4526","post","type-post","status-publish","format-standard","has-post-thumbnail","hentry","category-blog"],"acf":[],"_links":{"self":[{"href":"https:\/\/sp5.kwidzyn.pl\/index.php?rest_route=\/wp\/v2\/posts\/4526","targetHints":{"allow":["GET"]}}],"collection":[{"href":"https:\/\/sp5.kwidzyn.pl\/index.php?rest_route=\/wp\/v2\/posts"}],"about":[{"href":"https:\/\/sp5.kwidzyn.pl\/index.php?rest_route=\/wp\/v2\/types\/post"}],"author":[{"embeddable":true,"href":"https:\/\/sp5.kwidzyn.pl\/index.php?rest_route=\/wp\/v2\/users\/7"}],"replies":[{"embeddable":true,"href":"https:\/\/sp5.kwidzyn.pl\/index.php?rest_route=%2Fwp%2Fv2%2Fcomments&post=4526"}],"version-history":[{"count":1,"href":"https:\/\/sp5.kwidzyn.pl\/index.php?rest_route=\/wp\/v2\/posts\/4526\/revisions"}],"predecessor-version":[{"id":4528,"href":"https:\/\/sp5.kwidzyn.pl\/index.php?rest_route=\/wp\/v2\/posts\/4526\/revisions\/4528"}],"wp:featuredmedia":[{"embeddable":true,"href":"https:\/\/sp5.kwidzyn.pl\/index.php?rest_route=\/wp\/v2\/media\/4527"}],"wp:attachment":[{"href":"https:\/\/sp5.kwidzyn.pl\/index.php?rest_route=%2Fwp%2Fv2%2Fmedia&parent=4526"}],"wp:term":[{"taxonomy":"category","embeddable":true,"href":"https:\/\/sp5.kwidzyn.pl\/index.php?rest_route=%2Fwp%2Fv2%2Fcategories&post=4526"},{"taxonomy":"post_tag","embeddable":true,"href":"https:\/\/sp5.kwidzyn.pl\/index.php?rest_route=%2Fwp%2Fv2%2Ftags&post=4526"}],"curies":[{"name":"wp","href":"https:\/\/api.w.org\/{rel}","templated":true}]}}