{"id":4113,"date":"2024-09-16T10:53:40","date_gmt":"2024-09-16T08:53:40","guid":{"rendered":"http:\/\/sp52.betulait.pl\/?p=4113"},"modified":"2024-09-29T11:03:25","modified_gmt":"2024-09-29T09:03:25","slug":"narodowy-program-rozwoju-czytelnictwa","status":"publish","type":"post","link":"https:\/\/sp5.kwidzyn.pl\/?p=4113","title":{"rendered":"Narodowy Program Rozwoju Czytelnictwa"},"content":{"rendered":"\n<p class=\"has-medium-font-size\"><strong>Narodowy Program Rozwoju Czytelnictwa 2.0<\/strong><strong> jest programem uchwalonym na lata 2021-2025 przez Rad\u0119 Ministr\u00f3w w celu poprawy stanu czytelnictwa w Polsce poprzez wzmacnianie roli bibliotek publicznych, szkolnych i pedagogicznych jako lokalnych o\u015brodk\u00f3w \u017cycia spo\u0142ecznego, stanowi\u0105cych centrum dost\u0119pu do kultury i wiedzy.<\/strong><\/p>\n\n\n\n<p class=\"has-medium-font-size\"><strong>Program jest realizowany przez Ministerstwo Kultury i&nbsp;Dziedzictwa Narodowego, przy zaanga\u017cowaniu Biblioteki Narodowej, Instytutu Ksi\u0105\u017cki i Narodowego Centrum Kultury, oraz we wsp\u00f3\u0142pracy z Ministerstwem Edukacji i Nauki jako Operatora Priorytetu 3.<\/strong><\/p>\n\n\n\n<p class=\"has-medium-font-size\"><strong>Nasza szko\u0142a otrzyma\u0142a dotacj\u0119 w kwocie 15 tysi\u0119cy z\u0142otych, kt\u00f3ra nale\u017cy zrealizowa\u0107 do ko\u0144ca roku szkolnego 2024\/2025.<\/strong><\/p>\n\n\n\n<figure class=\"wp-block-image size-full\"><img fetchpriority=\"high\" decoding=\"async\" width=\"949\" height=\"121\" src=\"http:\/\/sp52.betulait.pl\/wp-content\/uploads\/2024\/09\/image-1.png\" alt=\"\" class=\"wp-image-4114\" srcset=\"https:\/\/sp5.kwidzyn.pl\/wp-content\/uploads\/2024\/09\/image-1.png 949w, https:\/\/sp5.kwidzyn.pl\/wp-content\/uploads\/2024\/09\/image-1-300x38.png 300w, https:\/\/sp5.kwidzyn.pl\/wp-content\/uploads\/2024\/09\/image-1-768x98.png 768w\" sizes=\"(max-width: 949px) 100vw, 949px\" \/><\/figure>\n\n\n\n<figure class=\"wp-block-image size-full is-resized\"><img decoding=\"async\" width=\"500\" height=\"300\" src=\"http:\/\/sp52.betulait.pl\/wp-content\/uploads\/2024\/09\/NPRC.jpg\" alt=\"\" class=\"wp-image-4115\" style=\"width:947px;height:auto\" srcset=\"https:\/\/sp5.kwidzyn.pl\/wp-content\/uploads\/2024\/09\/NPRC.jpg 500w, https:\/\/sp5.kwidzyn.pl\/wp-content\/uploads\/2024\/09\/NPRC-300x180.jpg 300w\" sizes=\"(max-width: 500px) 100vw, 500px\" \/><\/figure>\n","protected":false},"excerpt":{"rendered":"<p>Narodowy Program Rozwoju Czytelnictwa 2.0 jest programem uchwalonym na lata 2021-2025 przez Rad\u0119 Ministr\u00f3w w celu poprawy stanu czytelnictwa w Polsce poprzez wzmacnianie roli bibliotek publicznych, szkolnych i pedagogicznych jako lokalnych o\u015brodk\u00f3w \u017cycia spo\u0142ecznego, stanowi\u0105cych centrum dost\u0119pu do kultury i wiedzy. Program jest realizowany przez Ministerstwo Kultury i&nbsp;Dziedzictwa Narodowego, przy zaanga\u017cowaniu Biblioteki Narodowej, Instytutu Ksi\u0105\u017cki i Narodowego Centrum Kultury, oraz we wsp\u00f3\u0142pracy z Ministerstwem Edukacji i Nauki jako Operatora Priorytetu 3. Nasza szko\u0142a otrzyma\u0142a dotacj\u0119 w kwocie 15 tysi\u0119cy z\u0142otych, kt\u00f3ra nale\u017cy zrealizowa\u0107 do ko\u0144ca roku szkolnego 2024\/2025.<\/p>\n","protected":false},"author":7,"featured_media":4116,"comment_status":"open","ping_status":"open","sticky":false,"template":"","format":"standard","meta":{"footnotes":""},"categories":[1],"tags":[],"class_list":["post-4113","post","type-post","status-publish","format-standard","has-post-thumbnail","hentry","category-blog"],"acf":[],"_links":{"self":[{"href":"https:\/\/sp5.kwidzyn.pl\/index.php?rest_route=\/wp\/v2\/posts\/4113","targetHints":{"allow":["GET"]}}],"collection":[{"href":"https:\/\/sp5.kwidzyn.pl\/index.php?rest_route=\/wp\/v2\/posts"}],"about":[{"href":"https:\/\/sp5.kwidzyn.pl\/index.php?rest_route=\/wp\/v2\/types\/post"}],"author":[{"embeddable":true,"href":"https:\/\/sp5.kwidzyn.pl\/index.php?rest_route=\/wp\/v2\/users\/7"}],"replies":[{"embeddable":true,"href":"https:\/\/sp5.kwidzyn.pl\/index.php?rest_route=%2Fwp%2Fv2%2Fcomments&post=4113"}],"version-history":[{"count":4,"href":"https:\/\/sp5.kwidzyn.pl\/index.php?rest_route=\/wp\/v2\/posts\/4113\/revisions"}],"predecessor-version":[{"id":4120,"href":"https:\/\/sp5.kwidzyn.pl\/index.php?rest_route=\/wp\/v2\/posts\/4113\/revisions\/4120"}],"wp:featuredmedia":[{"embeddable":true,"href":"https:\/\/sp5.kwidzyn.pl\/index.php?rest_route=\/wp\/v2\/media\/4116"}],"wp:attachment":[{"href":"https:\/\/sp5.kwidzyn.pl\/index.php?rest_route=%2Fwp%2Fv2%2Fmedia&parent=4113"}],"wp:term":[{"taxonomy":"category","embeddable":true,"href":"https:\/\/sp5.kwidzyn.pl\/index.php?rest_route=%2Fwp%2Fv2%2Fcategories&post=4113"},{"taxonomy":"post_tag","embeddable":true,"href":"https:\/\/sp5.kwidzyn.pl\/index.php?rest_route=%2Fwp%2Fv2%2Ftags&post=4113"}],"curies":[{"name":"wp","href":"https:\/\/api.w.org\/{rel}","templated":true}]}}