{"id":2504,"date":"2023-09-22T13:00:00","date_gmt":"2023-09-22T11:00:00","guid":{"rendered":"http:\/\/sp52.betulait.pl\/?p=2504"},"modified":"2023-12-13T14:22:43","modified_gmt":"2023-12-13T13:22:43","slug":"wybory-samorzadu-uczniowskiego","status":"publish","type":"post","link":"https:\/\/sp5.kwidzyn.pl\/?p=2504","title":{"rendered":"Wybory samorz\u0105du uczniowskiego"},"content":{"rendered":"\t\t<div data-elementor-type=\"wp-post\" data-elementor-id=\"2504\" class=\"elementor elementor-2504\" data-elementor-post-type=\"post\">\n\t\t\t\t<div class=\"elementor-element elementor-element-1c6254e7 e-flex e-con-boxed wpr-particle-no wpr-jarallax-no wpr-parallax-no wpr-sticky-section-no e-con e-parent\" data-id=\"1c6254e7\" data-element_type=\"container\" data-e-type=\"container\">\n\t\t\t\t\t<div class=\"e-con-inner\">\n\t\t\t\t<div class=\"elementor-element elementor-element-2fd206e2 elementor-widget elementor-widget-text-editor\" data-id=\"2fd206e2\" data-element_type=\"widget\" data-e-type=\"widget\" data-widget_type=\"text-editor.default\">\n\t\t\t\t<div class=\"elementor-widget-container\">\n\t\t\t\t\t\t\t\t\t<p><\/p>\n<p>21.09.2023r. w szkole przy ul. Kamiennej 18 odby\u0142y si\u0119 wybory do Samorz\u0105du Uczniowskiego.\u00a0<\/p>\n<p>Ka\u017cdy ucze\u0144 m\u00f3g\u0142 zag\u0142osowa\u0107 na swojego kandydata.\u00a0<\/p>\n<p>Nowy sk\u0142ad Samorz\u0105du Uczniowskiego przedstawia si\u0119 nast\u0119puj\u0105co:<\/p>\n<p>Przewodnicz\u0105ca- <strong>Agata Fryczy\u0144ska kl.8a<\/strong><\/p>\n<p>Zast\u0119pca przewodnicz\u0105cej- <strong>Dominika Koszewnik\u00f3w z kl. 8b<\/strong><\/p>\n<p>Sekretarz- <strong>Max Chudziecki kl. 4a.<\/strong><\/p>\n<p>Serdecznie gratulujemy i \u017cyczymy powodzenia oraz owocnej pracy.<\/p>\n<p><\/p>\n<figure class=\"wp-block-gallery has-nested-images columns-1 is-cropped wp-block-gallery-2 is-layout-flex wp-block-gallery-is-layout-flex\">\n<p>\u00a0<\/p>\n<figure class=\"wp-block-image size-large\"><img fetchpriority=\"high\" decoding=\"async\" width=\"1024\" height=\"461\" data-id=\"2507\" class=\"wp-image-2507\" src=\"http:\/\/sp52.betulait.pl\/wp-content\/uploads\/2023\/11\/IMG-20230921-WA0000-1024x461.jpg\" alt=\"\" srcset=\"https:\/\/sp5.kwidzyn.pl\/wp-content\/uploads\/2023\/11\/IMG-20230921-WA0000-1024x461.jpg 1024w, https:\/\/sp5.kwidzyn.pl\/wp-content\/uploads\/2023\/11\/IMG-20230921-WA0000-300x135.jpg 300w, https:\/\/sp5.kwidzyn.pl\/wp-content\/uploads\/2023\/11\/IMG-20230921-WA0000-768x346.jpg 768w, https:\/\/sp5.kwidzyn.pl\/wp-content\/uploads\/2023\/11\/IMG-20230921-WA0000-1536x691.jpg 1536w, https:\/\/sp5.kwidzyn.pl\/wp-content\/uploads\/2023\/11\/IMG-20230921-WA0000.jpg 1600w\" sizes=\"(max-width: 1024px) 100vw, 1024px\" \/><\/figure>\n<p><\/p>\n<figure class=\"wp-block-image size-large\"><img decoding=\"async\" width=\"461\" height=\"1024\" data-id=\"2506\" class=\"wp-image-2506\" src=\"http:\/\/sp52.betulait.pl\/wp-content\/uploads\/2023\/11\/IMG-20230921-WA0001-461x1024.jpg\" alt=\"\" srcset=\"https:\/\/sp5.kwidzyn.pl\/wp-content\/uploads\/2023\/11\/IMG-20230921-WA0001-461x1024.jpg 461w, https:\/\/sp5.kwidzyn.pl\/wp-content\/uploads\/2023\/11\/IMG-20230921-WA0001-135x300.jpg 135w, https:\/\/sp5.kwidzyn.pl\/wp-content\/uploads\/2023\/11\/IMG-20230921-WA0001-691x1536.jpg 691w, https:\/\/sp5.kwidzyn.pl\/wp-content\/uploads\/2023\/11\/IMG-20230921-WA0001.jpg 720w\" sizes=\"(max-width: 461px) 100vw, 461px\" \/><\/figure>\n<p><\/p>\n<figure class=\"wp-block-image size-large\"><img decoding=\"async\" width=\"461\" height=\"1024\" data-id=\"2511\" class=\"wp-image-2511\" src=\"http:\/\/sp52.betulait.pl\/wp-content\/uploads\/2023\/11\/IMG-20230921-WA0002-461x1024.jpg\" alt=\"\" \/><\/figure>\n<p><\/p>\n<figure class=\"wp-block-image size-large\"><img loading=\"lazy\" decoding=\"async\" width=\"768\" height=\"1024\" data-id=\"2508\" class=\"wp-image-2508\" src=\"http:\/\/sp52.betulait.pl\/wp-content\/uploads\/2023\/11\/IMG-20230921-WA0003-1-768x1024.jpg\" alt=\"\" srcset=\"https:\/\/sp5.kwidzyn.pl\/wp-content\/uploads\/2023\/11\/IMG-20230921-WA0003-1-768x1024.jpg 768w, https:\/\/sp5.kwidzyn.pl\/wp-content\/uploads\/2023\/11\/IMG-20230921-WA0003-1-225x300.jpg 225w, https:\/\/sp5.kwidzyn.pl\/wp-content\/uploads\/2023\/11\/IMG-20230921-WA0003-1-1152x1536.jpg 1152w, https:\/\/sp5.kwidzyn.pl\/wp-content\/uploads\/2023\/11\/IMG-20230921-WA0003-1.jpg 1200w\" sizes=\"(max-width: 768px) 100vw, 768px\" \/><\/figure>\n<p><\/p>\n<figure class=\"wp-block-image size-large\"><img loading=\"lazy\" decoding=\"async\" width=\"768\" height=\"1024\" data-id=\"2509\" class=\"wp-image-2509\" src=\"http:\/\/sp52.betulait.pl\/wp-content\/uploads\/2023\/11\/IMG-20230921-WA0004-768x1024.jpg\" alt=\"\" srcset=\"https:\/\/sp5.kwidzyn.pl\/wp-content\/uploads\/2023\/11\/IMG-20230921-WA0004-768x1024.jpg 768w, https:\/\/sp5.kwidzyn.pl\/wp-content\/uploads\/2023\/11\/IMG-20230921-WA0004-225x300.jpg 225w, https:\/\/sp5.kwidzyn.pl\/wp-content\/uploads\/2023\/11\/IMG-20230921-WA0004-1152x1536.jpg 1152w, https:\/\/sp5.kwidzyn.pl\/wp-content\/uploads\/2023\/11\/IMG-20230921-WA0004.jpg 1200w\" sizes=\"(max-width: 768px) 100vw, 768px\" \/><\/figure>\n<p><\/p>\n<figure class=\"wp-block-image size-large\"><img loading=\"lazy\" decoding=\"async\" width=\"461\" height=\"1024\" data-id=\"2510\" class=\"wp-image-2510\" src=\"http:\/\/sp52.betulait.pl\/wp-content\/uploads\/2023\/11\/IMG-20230921-WA0005-461x1024.jpg\" alt=\"\" srcset=\"https:\/\/sp5.kwidzyn.pl\/wp-content\/uploads\/2023\/11\/IMG-20230921-WA0005-461x1024.jpg 461w, https:\/\/sp5.kwidzyn.pl\/wp-content\/uploads\/2023\/11\/IMG-20230921-WA0005-135x300.jpg 135w, https:\/\/sp5.kwidzyn.pl\/wp-content\/uploads\/2023\/11\/IMG-20230921-WA0005-691x1536.jpg 691w, https:\/\/sp5.kwidzyn.pl\/wp-content\/uploads\/2023\/11\/IMG-20230921-WA0005.jpg 720w\" sizes=\"(max-width: 461px) 100vw, 461px\" \/><\/figure>\n<p><\/p>\n<figure class=\"wp-block-image size-large\"><img loading=\"lazy\" decoding=\"async\" width=\"461\" height=\"1024\" data-id=\"2512\" class=\"wp-image-2512\" src=\"http:\/\/sp52.betulait.pl\/wp-content\/uploads\/2023\/11\/IMG-20230921-WA0006-461x1024.jpg\" alt=\"\" srcset=\"https:\/\/sp5.kwidzyn.pl\/wp-content\/uploads\/2023\/11\/IMG-20230921-WA0006-461x1024.jpg 461w, https:\/\/sp5.kwidzyn.pl\/wp-content\/uploads\/2023\/11\/IMG-20230921-WA0006-135x300.jpg 135w, https:\/\/sp5.kwidzyn.pl\/wp-content\/uploads\/2023\/11\/IMG-20230921-WA0006-691x1536.jpg 691w, https:\/\/sp5.kwidzyn.pl\/wp-content\/uploads\/2023\/11\/IMG-20230921-WA0006.jpg 720w\" sizes=\"(max-width: 461px) 100vw, 461px\" \/><\/figure>\n<p><\/p>\n<\/figure>\n<p><\/p>\t\t\t\t\t\t\t\t<\/div>\n\t\t\t\t<\/div>\n\t\t\t\t\t<\/div>\n\t\t\t\t<\/div>\n\t\t\t\t<\/div>\n\t\t","protected":false},"excerpt":{"rendered":"<p>21.09.2023r. w szkole przy ul. Kamiennej 18 odby\u0142y si\u0119 wybory do Samorz\u0105du Uczniowskiego.\u00a0 Ka\u017cdy ucze\u0144 m\u00f3g\u0142 zag\u0142osowa\u0107 na swojego kandydata.\u00a0 Nowy sk\u0142ad Samorz\u0105du Uczniowskiego przedstawia si\u0119 nast\u0119puj\u0105co: Przewodnicz\u0105ca- Agata Fryczy\u0144ska kl.8a Zast\u0119pca przewodnicz\u0105cej- Dominika Koszewnik\u00f3w z kl. 8b Sekretarz- Max Chudziecki kl. 4a. Serdecznie gratulujemy i \u017cyczymy powodzenia oraz owocnej pracy.<\/p>\n","protected":false},"author":1,"featured_media":2695,"comment_status":"open","ping_status":"open","sticky":false,"template":"","format":"standard","meta":{"footnotes":""},"categories":[1],"tags":[],"class_list":["post-2504","post","type-post","status-publish","format-standard","has-post-thumbnail","hentry","category-blog"],"acf":[],"_links":{"self":[{"href":"https:\/\/sp5.kwidzyn.pl\/index.php?rest_route=\/wp\/v2\/posts\/2504","targetHints":{"allow":["GET"]}}],"collection":[{"href":"https:\/\/sp5.kwidzyn.pl\/index.php?rest_route=\/wp\/v2\/posts"}],"about":[{"href":"https:\/\/sp5.kwidzyn.pl\/index.php?rest_route=\/wp\/v2\/types\/post"}],"author":[{"embeddable":true,"href":"https:\/\/sp5.kwidzyn.pl\/index.php?rest_route=\/wp\/v2\/users\/1"}],"replies":[{"embeddable":true,"href":"https:\/\/sp5.kwidzyn.pl\/index.php?rest_route=%2Fwp%2Fv2%2Fcomments&post=2504"}],"version-history":[{"count":7,"href":"https:\/\/sp5.kwidzyn.pl\/index.php?rest_route=\/wp\/v2\/posts\/2504\/revisions"}],"predecessor-version":[{"id":2858,"href":"https:\/\/sp5.kwidzyn.pl\/index.php?rest_route=\/wp\/v2\/posts\/2504\/revisions\/2858"}],"wp:featuredmedia":[{"embeddable":true,"href":"https:\/\/sp5.kwidzyn.pl\/index.php?rest_route=\/wp\/v2\/media\/2695"}],"wp:attachment":[{"href":"https:\/\/sp5.kwidzyn.pl\/index.php?rest_route=%2Fwp%2Fv2%2Fmedia&parent=2504"}],"wp:term":[{"taxonomy":"category","embeddable":true,"href":"https:\/\/sp5.kwidzyn.pl\/index.php?rest_route=%2Fwp%2Fv2%2Fcategories&post=2504"},{"taxonomy":"post_tag","embeddable":true,"href":"https:\/\/sp5.kwidzyn.pl\/index.php?rest_route=%2Fwp%2Fv2%2Ftags&post=2504"}],"curies":[{"name":"wp","href":"https:\/\/api.w.org\/{rel}","templated":true}]}}